{"id":37654,"date":"2022-02-15T22:11:55","date_gmt":"2022-02-16T04:11:55","guid":{"rendered":"http:\/\/www.zonaroja.com.mx\/?p=37654"},"modified":"2022-02-15T22:13:20","modified_gmt":"2022-02-16T04:13:20","slug":"mujer-ebria-arrollo-y-mato-a-un-menor-logra-acuerdo-reparatorio","status":"publish","type":"post","link":"https:\/\/zonaroja.com.mx\/?p=37654","title":{"rendered":"Mujer ebria arroll\u00f3 y mat\u00f3 a un menor; logra acuerdo reparatorio"},"content":{"rendered":"\n<p>Redacci\u00f3n\/Zona Roja.<\/p>\n\n\n\n<p>Oaxaca de Ju\u00e1rez, Oax., 15 de febrero de 2022.- Presuntamente en estado de ebriedad, una mujer arroll\u00f3 con su unidad de motor a un menor, quien perdi\u00f3 la vida, el pasado domingo en Santa Catarina Juquila, municipio de la regi\u00f3n Costa de Oaxaca.<\/p>\n\n\n\n<p>La v\u00edctima fue identificada como Ian, de aproximadamente tres a\u00f1os de edad, quien fue atropellado por una camioneta marca Jeep, con placas de circulaci\u00f3n TME-7672 de Oaxaca, cuando se encontraba en el interior de su vivienda.<\/p>\n\n\n\n<p>Este martes, pobladores de Juquila marcharon por las calles de ese municipio, para exigir justicia.<\/p>\n\n\n\n<p>Por su parte, la Fiscal\u00eda General del Estado de Oaxaca (FGEO) inform\u00f3 hoy que a trav\u00e9s de sus mecanismos alternativos de soluci\u00f3n de controversias y justicia restaurativa, se logr\u00f3 establecer las condiciones entre las partes para lograr un acuerdo reparatorio apegado a lo que establece la ley, luego del homicidio culposo cometido por la conductora de un veh\u00edculo quien atropell\u00f3 a un ni\u00f1o que perdi\u00f3 la vida en Santa Catarina Juquila.<\/p>\n\n\n\n<p>Los hechos sucedieron la tarde del 13 de febrero de 2022, cuando la imputada, identificada como F. G. S. conduc\u00eda una camioneta marca Jeep por calles del barrio la Asunci\u00f3n en Santa Catarina Juquila cuando provoc\u00f3 el incidente en el que un ni\u00f1o de tres a\u00f1os perdi\u00f3 la vida.<\/p>\n\n\n\n<p>Ante esta situaci\u00f3n, la Vicefiscal\u00eda Regional de la Costa inici\u00f3 la carpeta de investigaci\u00f3n 5023\/FCOS\/PUERTO\/2022 por el delito de homicidio culposo.<\/p>\n\n\n\n<p>Al tomar parte los peritos de la Fiscal\u00eda, determinaron que la imputada conduc\u00eda en estado de ebriedad, por lo que fue puesta a disposici\u00f3n de la Fiscal\u00eda Local de Puerto Escondido.<\/p>\n\n\n\n<p>Este 15 de febrero de 2022, la v\u00edctima indirecta y la imputada signaron un acuerdo reparatorio en el que la ciudadana F. G. S. se comprometi\u00f3 a pagar la reparaci\u00f3n del da\u00f1o conforme lo marca la ley.<\/p>\n","protected":false},"excerpt":{"rendered":"<p>Redacci\u00f3n\/Zona Roja. Oaxaca de Ju\u00e1rez, Oax., 15 de febrero de 2022.- Presuntamente en estado de&hellip;<\/p>\n","protected":false},"author":2,"featured_media":37655,"comment_status":"closed","ping_status":"open","sticky":false,"template":"","format":"standard","meta":{"_lmt_disableupdate":"","_lmt_disable":"","_jetpack_memberships_contains_paid_content":false,"footnotes":""},"categories":[109,47],"tags":[545],"class_list":["post-37654","post","type-post","status-publish","format-standard","has-post-thumbnail","hentry","category-minuto-a-minuto","category-zona-gris","tag-santa-catarina-juquila"],"jetpack_featured_media_url":"https:\/\/zonaroja.com.mx\/wp-content\/uploads\/2022\/02\/Menor-atropellado-y-muerto-Juquila.jpg","jetpack_sharing_enabled":true,"_links":{"self":[{"href":"https:\/\/zonaroja.com.mx\/index.php?rest_route=\/wp\/v2\/posts\/37654","targetHints":{"allow":["GET"]}}],"collection":[{"href":"https:\/\/zonaroja.com.mx\/index.php?rest_route=\/wp\/v2\/posts"}],"about":[{"href":"https:\/\/zonaroja.com.mx\/index.php?rest_route=\/wp\/v2\/types\/post"}],"author":[{"embeddable":true,"href":"https:\/\/zonaroja.com.mx\/index.php?rest_route=\/wp\/v2\/users\/2"}],"replies":[{"embeddable":true,"href":"https:\/\/zonaroja.com.mx\/index.php?rest_route=%2Fwp%2Fv2%2Fcomments&post=37654"}],"version-history":[{"count":1,"href":"https:\/\/zonaroja.com.mx\/index.php?rest_route=\/wp\/v2\/posts\/37654\/revisions"}],"predecessor-version":[{"id":37656,"href":"https:\/\/zonaroja.com.mx\/index.php?rest_route=\/wp\/v2\/posts\/37654\/revisions\/37656"}],"wp:featuredmedia":[{"embeddable":true,"href":"https:\/\/zonaroja.com.mx\/index.php?rest_route=\/wp\/v2\/media\/37655"}],"wp:attachment":[{"href":"https:\/\/zonaroja.com.mx\/index.php?rest_route=%2Fwp%2Fv2%2Fmedia&parent=37654"}],"wp:term":[{"taxonomy":"category","embeddable":true,"href":"https:\/\/zonaroja.com.mx\/index.php?rest_route=%2Fwp%2Fv2%2Fcategories&post=37654"},{"taxonomy":"post_tag","embeddable":true,"href":"https:\/\/zonaroja.com.mx\/index.php?rest_route=%2Fwp%2Fv2%2Ftags&post=37654"}],"curies":[{"name":"wp","href":"https:\/\/api.w.org\/{rel}","templated":true}]}}