{"id":37662,"date":"2022-02-16T07:53:14","date_gmt":"2022-02-16T13:53:14","guid":{"rendered":"http:\/\/www.zonaroja.com.mx\/?p=37662"},"modified":"2022-02-16T07:53:17","modified_gmt":"2022-02-16T13:53:17","slug":"refuerza-poder-judicial-conocimientos-de-quienes-impartiran-estudios-de-especializacion","status":"publish","type":"post","link":"https:\/\/zonaroja.com.mx\/?p=37662","title":{"rendered":"Refuerza Poder Judicial conocimientos de quienes impartir\u00e1n Estudios de Especializaci\u00f3n"},"content":{"rendered":"\n<p>Redacci\u00f3n\/Zona Roja.<\/p>\n\n\n\n<p>Oaxaca de Ju\u00e1rez, Oax., 16 de febrero de 2022.- La formaci\u00f3n especializada y profesionalizaci\u00f3n con apego a los principios de excelencia, objetividad, imparcialidad y \u00e9tica, constituye uno de los ejes principales del Poder Judicial del Estado, aunado a que contribuye en la humanizaci\u00f3n del servicio que se brinda a la sociedad; por lo cual, a trav\u00e9s de la Escuela Judicial, se llevan a cabo diferentes actividades acad\u00e9micas.<\/p>\n\n\n\n<p>Entre estas se encuentran los Estudios de Especializaci\u00f3n Judicial en Derecho Civil-Mercantil, Derecho Familiar, Derecho Penal Sustantivo, Derechos Humanos y Sistema Acusatorio Penal, con una duraci\u00f3n de un a\u00f1o, lo que permite actualizar a servidoras y servidores p\u00fablicos de la instituci\u00f3n junto con abogados de la comunidad jur\u00eddica.<\/p>\n\n\n\n<p>Ante el contexto actual donde la tecnolog\u00eda ha cambiado las din\u00e1micas de competencia y el \u00e1rea acad\u00e9mica no es la excepci\u00f3n, recientemente se llev\u00f3 a cabo el curso-taller \u201cTecnolog\u00edas de la Informaci\u00f3n y Comunicaci\u00f3n en la Formaci\u00f3n Docente\u201d, impartido en la modalidad a distancia, por el doctor Ricardo Rivas y la maestra Yolanda Baltazar Hern\u00e1ndez.<\/p>\n\n\n\n<p>El objetivo fue fortalecer las estrategias did\u00e1cticas del cuerpo docente que impartir\u00e1 los Estudios de Especializaci\u00f3n Judicial, a iniciar en fecha pr\u00f3xima, por lo cual se abordaron los temas: introducci\u00f3n y reflexi\u00f3n del uso de la tecnolog\u00eda en el Derecho; B\u00fasqueda de informaci\u00f3n, recopilaci\u00f3n de informaci\u00f3n y accesos a repositorios; Recursos para optimizar videollamadas &#8211; entender l\u00f3gica de trabajo de Zoom y Google Classroom &#8211; Aprender a utilizarla.<\/p>\n\n\n\n<p>El doctor Ricardo Rivas es licenciado en Derecho, maestro en Derecho Fiscal y Administraci\u00f3n Tributaria as\u00ed como doctorante en Derecho; en el \u00e1mbito acad\u00e9mico ha impartido c\u00e1tedra en la Universidad An\u00e1huac; Universidad Jos\u00e9 Vasconcelos; Universidad Aut\u00f3noma de Tlaxcala; Universidad Aut\u00f3noma Benito Ju\u00e1rez de Oaxaca e Instituto Tecnol\u00f3gico Nacional de M\u00e9xico.<\/p>\n\n\n\n<p>Por su parte, la maestra en Ciencias de la Educaci\u00f3n, con especialidad en Planeaci\u00f3n y Administraci\u00f3n de la Educaci\u00f3n, Yolanda Baltazar Hern\u00e1ndez, desde el a\u00f1o 2011 realiza actividades de dise\u00f1o curricular, entre las que se encuentran su participaci\u00f3n en el dise\u00f1o de planes y programas de estudio de Educaci\u00f3n Superior.<\/p>\n\n\n\n<p>Los Estudios de Especializaci\u00f3n Judicial tienen como objetivo profesionalizar a las y los operadores judiciales, por lo cual la convocatoria est\u00e1 dirigida a secretarios de acuerdos, de estudio y cuenta, actuarios de sala, secretarios de acuerdos y actuarios de juzgados, personal administrativo adscrito en \u00e1reas administrativas y jurisdiccionales del Poder Judicial, as\u00ed como abogadas y abogados.<\/p>\n","protected":false},"excerpt":{"rendered":"<p>Redacci\u00f3n\/Zona Roja. Oaxaca de Ju\u00e1rez, Oax., 16 de febrero de 2022.- La formaci\u00f3n especializada y&hellip;<\/p>\n","protected":false},"author":2,"featured_media":37663,"comment_status":"closed","ping_status":"open","sticky":false,"template":"","format":"standard","meta":{"_lmt_disableupdate":"","_lmt_disable":"","_jetpack_memberships_contains_paid_content":false,"footnotes":""},"categories":[109,46],"tags":[223],"class_list":["post-37662","post","type-post","status-publish","format-standard","has-post-thumbnail","hentry","category-minuto-a-minuto","category-zona-blanca","tag-poder-judicial-de-oaxaca"],"jetpack_featured_media_url":"https:\/\/zonaroja.com.mx\/wp-content\/uploads\/2022\/02\/Curso-a-distancia.jpg","jetpack_sharing_enabled":true,"_links":{"self":[{"href":"https:\/\/zonaroja.com.mx\/index.php?rest_route=\/wp\/v2\/posts\/37662","targetHints":{"allow":["GET"]}}],"collection":[{"href":"https:\/\/zonaroja.com.mx\/index.php?rest_route=\/wp\/v2\/posts"}],"about":[{"href":"https:\/\/zonaroja.com.mx\/index.php?rest_route=\/wp\/v2\/types\/post"}],"author":[{"embeddable":true,"href":"https:\/\/zonaroja.com.mx\/index.php?rest_route=\/wp\/v2\/users\/2"}],"replies":[{"embeddable":true,"href":"https:\/\/zonaroja.com.mx\/index.php?rest_route=%2Fwp%2Fv2%2Fcomments&post=37662"}],"version-history":[{"count":1,"href":"https:\/\/zonaroja.com.mx\/index.php?rest_route=\/wp\/v2\/posts\/37662\/revisions"}],"predecessor-version":[{"id":37664,"href":"https:\/\/zonaroja.com.mx\/index.php?rest_route=\/wp\/v2\/posts\/37662\/revisions\/37664"}],"wp:featuredmedia":[{"embeddable":true,"href":"https:\/\/zonaroja.com.mx\/index.php?rest_route=\/wp\/v2\/media\/37663"}],"wp:attachment":[{"href":"https:\/\/zonaroja.com.mx\/index.php?rest_route=%2Fwp%2Fv2%2Fmedia&parent=37662"}],"wp:term":[{"taxonomy":"category","embeddable":true,"href":"https:\/\/zonaroja.com.mx\/index.php?rest_route=%2Fwp%2Fv2%2Fcategories&post=37662"},{"taxonomy":"post_tag","embeddable":true,"href":"https:\/\/zonaroja.com.mx\/index.php?rest_route=%2Fwp%2Fv2%2Ftags&post=37662"}],"curies":[{"name":"wp","href":"https:\/\/api.w.org\/{rel}","templated":true}]}}