{"id":37665,"date":"2022-02-16T08:31:28","date_gmt":"2022-02-16T14:31:28","guid":{"rendered":"http:\/\/www.zonaroja.com.mx\/?p=37665"},"modified":"2022-02-16T08:32:21","modified_gmt":"2022-02-16T14:32:21","slug":"critica-gobernador-de-oaxaca-a-otro-ayuntamiento-morenista-por-inseguridad","status":"publish","type":"post","link":"https:\/\/zonaroja.com.mx\/?p=37665","title":{"rendered":"Critica gobernador de Oaxaca a otro ayuntamiento morenista por inseguridad"},"content":{"rendered":"\n<p>Ismael Garc\u00eda M.\/Zona Roja.<\/p>\n\n\n\n<p>Oaxaca de Ju\u00e1rez, Oax., 16 de febrero de 2022.- Luego de se\u00f1alar, la semana pasada, que en el Cabildo de Juchit\u00e1n hab\u00eda \u201ccapos\u201d de la mafia, el gobernador Alejandro Murat Hinojosa se quej\u00f3 que el ayuntamiento morenista de Santa Mar\u00eda Huatulco no acepta vigilancia de la Secretar\u00eda de Marina.<\/p>\n\n\n\n<p>\u201cEn R\u00edo Grande nos metimos y ahorita ya tenemos presencia de marinos en el municipio de Puerto Escondido (sic), va a llegar a Pinotepa.<\/p>\n\n\n\n<p>\u201cY en Huatulco, f\u00edjense, les pongo ese ejemplo, no lo aceptaron las autoridades municipales, al comisionado, de la Marina, no del estado, \u00bfeh? Al comisionado de la Marina, las autoridades municipales no quisieron.<\/p>\n\n\n\n<p>\u201cVayan y preg\u00fanteles por qu\u00e9 no, con 50 marinos, \u00bfeh?\u201d, dijo el titular del Poder Ejecutivo anoche, en un encuentro con un selecto grupo de periodistas, en el Centro Cultural y de Convenciones de Oaxaca, ubicado en Santa Mar\u00eda Ixcotel, Santa Luc\u00eda del Camino.<\/p>\n\n\n\n<p>Tanto Juchit\u00e1n de Zaragoza como Santa Mar\u00eda Huatulco son gobernados por ediles surgidos del Partido Morena, con Emilio Montero P\u00e9rez y Jos\u00e9 Hern\u00e1ndez C\u00e1rdenas, respectivamente.<\/p>\n\n\n\n<p>Sobre el tema de la inseguridd, Murat Hinojosa puso otro ejemplo: \u201cHoy en Mat\u00edas Romero estuve con la presidenta, porque le robaron, ya tenemos 50 marinos que se van a asignar, con un comisionado de la Marina\u201d, dijo, en referencia al asalto la madrugada de ayer al palacio municipal, en que un grupo armado se llev\u00f3 cuantioso bot\u00edn.<\/p>\n\n\n\n<figure class=\"wp-block-embed is-type-rich is-provider-twitter wp-block-embed-twitter\"><div class=\"wp-block-embed__wrapper\">\n<div class=\"twitter-tweet\"><blockquote class=\"twitter-tweet\" data-lang=\"es\"><p lang=\"es\" dir=\"ltr\"><a href=\"https:\/\/twitter.com\/hashtag\/%C3%9AltimoMinuto?src=hash&amp;ref_src=twsrc%5Etfw\">#\u00daltimoMinuto<\/a> <br>En reuni\u00f3n con un selecto grupo de <a href=\"https:\/\/twitter.com\/hashtag\/periodistas?src=hash&amp;ref_src=twsrc%5Etfw\">#periodistas<\/a>, el gobernador de <a href=\"https:\/\/twitter.com\/hashtag\/Oaxaca?src=hash&amp;ref_src=twsrc%5Etfw\">#Oaxaca<\/a>, <a href=\"https:\/\/twitter.com\/alejandromurat?ref_src=twsrc%5Etfw\">@alejandromurat<\/a> arremeti\u00f3 de nuevo contra ediles morenistas por la inseguridad. <br>Dijo que el presidente de Huatulco se neg\u00f3 a tener un mando y una partida de la Secretar\u00eda de Marina. <a href=\"https:\/\/t.co\/DHGaGylE3t\">pic.twitter.com\/DHGaGylE3t<\/a><\/p>&mdash; Zona Roja Oaxaca (@ZonaRoja_Oaxaca) <a href=\"https:\/\/twitter.com\/ZonaRoja_Oaxaca\/status\/1493810693640011776?ref_src=twsrc%5Etfw\">16 de febrero de 2022<\/a><\/blockquote><\/div>\n<\/div><\/figure>\n\n\n\n<p>\u201cAhora, \u00bfes suficiente tener presencia de marinos? No, necesitamos estrategias e inteligencia, ese es el siguiente paso. \u00bfPor qu\u00e9 hicimos eso en la Costa? Pues para generar estabilidad por ciertos objetivos que hay en la Costa, es el mismo caso de los objetivos que hay en el Istmo, nada m\u00e1s que todos esos objetivos que se tengan o no se tengan, se tiene que poder demostrar para poderlos detener, los que han cometido alg\u00fan delito, y ese es el reto m\u00e1s importante\u201d, dijo.<\/p>\n\n\n\n<p>El gobernador Alejandro Murat estuvo acompa\u00f1ado del fiscal General Arturo Peimbert; el secretario General de Gobierno, Francisco Garc\u00eda L\u00f3pez, y el titular de la Defensor\u00eda de los Derechos Humanos, Bernardo Rodr\u00edguez Alamilla.<\/p>\n\n\n\n<p>Alejandro Murat critic\u00f3 tambi\u00e9n la impunidad que existe en el pa\u00eds:<\/p>\n\n\n\n<p>\u201cEs importante tambi\u00e9n en la coyuntura que est\u00e1 atravesando el pa\u00eds. El gobierno permanente est\u00e1 tomando las acciones para que haya seguridad en el estado; yo s\u00e9 que a veces es complicado entender las cosas, en un contexto en donde el pa\u00eds, desde mi punto de vista, pues ya se perdi\u00f3, por una clave que ustedes acaban de se\u00f1alar, que es la impunidad.<\/p>\n\n\n\n<p>\u201cEntonces debemos estar enfocados en detener a la gente, y hay que hacer una serie de acciones que son de \u00e1mbito general, yo ya las hice, o di unos pasos, con el fiscal General de la Rep\u00fablica. Aqu\u00ed tengo una serie de reformas\u2026<\/p>\n\n\n\n<p>\u201cEl problema para mi gusto en el pa\u00eds es la impunidad, es que es muy dif\u00edcil detener a la gente que sabemos que comete delitos. Si ustedes me preguntan, en las ma\u00f1anas en las reuniones de seguridad, por lo regular tenemos a los presuntos responsables, sabemos por lo regular d\u00f3nde est\u00e1n, qui\u00e9nes son, c\u00f3mo se mueven, pero es complicado detenerlos. Y esto es general en todo el pa\u00eds, la excepci\u00f3n no es Oaxaca\u201d.<\/p>\n","protected":false},"excerpt":{"rendered":"<p>Ismael Garc\u00eda M.\/Zona Roja. Oaxaca de Ju\u00e1rez, Oax., 16 de febrero de 2022.- Luego de&hellip;<\/p>\n","protected":false},"author":2,"featured_media":37666,"comment_status":"closed","ping_status":"open","sticky":false,"template":"","format":"standard","meta":{"_lmt_disableupdate":"","_lmt_disable":"","_jetpack_memberships_contains_paid_content":false,"footnotes":""},"categories":[109,47],"tags":[173],"class_list":["post-37665","post","type-post","status-publish","format-standard","has-post-thumbnail","hentry","category-minuto-a-minuto","category-zona-gris","tag-alejandro-murat-hinojosa"],"jetpack_featured_media_url":"https:\/\/zonaroja.com.mx\/wp-content\/uploads\/2022\/02\/Alejandro-Murat-reunion-periodistas.jpg","jetpack_sharing_enabled":true,"_links":{"self":[{"href":"https:\/\/zonaroja.com.mx\/index.php?rest_route=\/wp\/v2\/posts\/37665","targetHints":{"allow":["GET"]}}],"collection":[{"href":"https:\/\/zonaroja.com.mx\/index.php?rest_route=\/wp\/v2\/posts"}],"about":[{"href":"https:\/\/zonaroja.com.mx\/index.php?rest_route=\/wp\/v2\/types\/post"}],"author":[{"embeddable":true,"href":"https:\/\/zonaroja.com.mx\/index.php?rest_route=\/wp\/v2\/users\/2"}],"replies":[{"embeddable":true,"href":"https:\/\/zonaroja.com.mx\/index.php?rest_route=%2Fwp%2Fv2%2Fcomments&post=37665"}],"version-history":[{"count":2,"href":"https:\/\/zonaroja.com.mx\/index.php?rest_route=\/wp\/v2\/posts\/37665\/revisions"}],"predecessor-version":[{"id":37668,"href":"https:\/\/zonaroja.com.mx\/index.php?rest_route=\/wp\/v2\/posts\/37665\/revisions\/37668"}],"wp:featuredmedia":[{"embeddable":true,"href":"https:\/\/zonaroja.com.mx\/index.php?rest_route=\/wp\/v2\/media\/37666"}],"wp:attachment":[{"href":"https:\/\/zonaroja.com.mx\/index.php?rest_route=%2Fwp%2Fv2%2Fmedia&parent=37665"}],"wp:term":[{"taxonomy":"category","embeddable":true,"href":"https:\/\/zonaroja.com.mx\/index.php?rest_route=%2Fwp%2Fv2%2Fcategories&post=37665"},{"taxonomy":"post_tag","embeddable":true,"href":"https:\/\/zonaroja.com.mx\/index.php?rest_route=%2Fwp%2Fv2%2Ftags&post=37665"}],"curies":[{"name":"wp","href":"https:\/\/api.w.org\/{rel}","templated":true}]}}