{"id":37677,"date":"2022-02-16T16:35:52","date_gmt":"2022-02-16T22:35:52","guid":{"rendered":"https:\/\/www.zonaroja.com.mx\/?p=37677"},"modified":"2022-02-16T16:35:54","modified_gmt":"2022-02-16T22:35:54","slug":"tendra-el-pvem-bancada-en-el-congreso-de-oaxaca-determina-tepjf","status":"publish","type":"post","link":"https:\/\/zonaroja.com.mx\/?p=37677","title":{"rendered":"Tendr\u00e1 el PVEM bancada en el Congreso de Oaxaca, determina TEPJF"},"content":{"rendered":"\n<p>Redacci\u00f3n\/Zona Roja.<\/p>\n\n\n\n<p>Oaxaca de Ju\u00e1rez, Oax., 16 de febrero de 2022.- En sesi\u00f3n p\u00fablica por videoconferencia, la Sala Superior del Tribunal Electoral del Poder Judicial de la Federaci\u00f3n (TEPJF) revoc\u00f3 por mayor\u00eda, con el voto en contra de la magistrada M\u00f3nica Aral\u00ed Soto Fregoso, la resoluci\u00f3n de la Sala Regional Xalapa y confirm\u00f3 la emitida por el Tribunal Electoral del Estado de Oaxaca, a fin de que sean reconocidos como grupo parlamentario la diputada y el diputado del Partido Verde Ecologista de M\u00e9xico (PVEM) en el Congreso de la entidad.<\/p>\n\n\n\n<p>La controversia tiene su origen en la emisi\u00f3n de la Declaratoria de Constituci\u00f3n de los Grupos Parlamentarios del Congreso de Oaxaca, en la cual qued\u00f3 excluido el PVEM por tener dos diputaciones. Lo anterior, debido a que tras la celebraci\u00f3n de las elecciones para el Congreso de la entidad se reform\u00f3 la Ley Org\u00e1nica del Poder Legislativo local y se estableci\u00f3 que para formar un grupo parlamentario se requer\u00edan, al menos, tres diputaciones en lugar de las dos que anteriormente eran necesarias.<\/p>\n\n\n\n<p>Esto fue impugnado por los legisladores del PVEM ante el Tribunal Electoral local que orden\u00f3 a la Mesa Directiva del Congreso local y a los integrantes de su Junta de Coordinaci\u00f3n Pol\u00edtica (Jucopo), pronunciarse respecto de su solicitud para integrar un grupo parlamentario.<\/p>\n\n\n\n<p>El Tribunal local consider\u00f3 inconstitucional la nueva regla para la integraci\u00f3n de los grupos parlamentarios y, por tanto, orden\u00f3 la reviviscencia (utilizar la norma anterior) de aquella que permit\u00eda conformar un grupo parlamentario \u00fanicamente con dos diputaciones del mismo partido.<\/p>\n\n\n\n<p>La presidenta de la Jucopo impugn\u00f3 la determinaci\u00f3n local ante la Sala Regional Xalapa y esta revoc\u00f3 la resoluci\u00f3n del Tribunal local por considerar que este era incompetente para conocer de la controversia, pues los actos y omisiones impugnados pertenec\u00edan al derecho parlamentario.<\/p>\n\n\n\n<p>A propuesta del magistrado Indalfer Infante Gonzales, la Sala Superior del TEPJF determin\u00f3, en primer lugar, que la materia de la controversia s\u00ed es de naturaleza electoral debido a que se actualiza la competencia de los tribunales electorales cuando el Congreso o sus \u00f3rganos no se ajustan a los principios y valores democr\u00e1ticos previstos en la Constituci\u00f3n y en la normatividad aplicable, y como consecuencia de ello se vulnera el derecho pol\u00edtico-electoral a ejercer el cargo de las legisladoras y los legisladores.<\/p>\n\n\n\n<p>En segundo lugar, se resolvi\u00f3 que la omisi\u00f3n de la Jucopo de pronunciarse sobre la solicitud de los recurrentes para conformar un grupo parlamentario les impide ejercer su cargo en condiciones de igualdad y no discriminaci\u00f3n.<\/p>\n\n\n\n<p>Por lo tanto, la Sala Superior del TEPJF determin\u00f3 por mayor\u00eda de la y los presentes que se vulneraron los derechos pol\u00edtico-electorales a ser votados, en su vertiente de acceso y desempe\u00f1o efectivo del cargo, de las diputaciones del PVEM. <\/p>\n\n\n\n<p>En ese sentido, se orden\u00f3 aplicar la regla anterior, que prev\u00e9 que los grupos parlamentarios se puedan formar con dos legisladores, de un mismo partido pol\u00edtico.<\/p>\n\n\n\n<p>En su posicionamiento, la magistrada M\u00f3nica Aral\u00ed Soto Fregoso se pronunci\u00f3 en contra del asunto, pues consider\u00f3 que deb\u00eda desecharse de plano al no cumplir con el requisito especial de procedencia del recurso de reconsideraci\u00f3n. (SUP-REC-49\/2022)<\/p>\n","protected":false},"excerpt":{"rendered":"<p>Redacci\u00f3n\/Zona Roja. Oaxaca de Ju\u00e1rez, Oax., 16 de febrero de 2022.- En sesi\u00f3n p\u00fablica por&hellip;<\/p>\n","protected":false},"author":2,"featured_media":37676,"comment_status":"closed","ping_status":"open","sticky":false,"template":"","format":"standard","meta":{"_lmt_disableupdate":"","_lmt_disable":"","_jetpack_memberships_contains_paid_content":false,"footnotes":""},"categories":[109,46],"tags":[],"class_list":["post-37677","post","type-post","status-publish","format-standard","has-post-thumbnail","hentry","category-minuto-a-minuto","category-zona-blanca"],"jetpack_featured_media_url":"https:\/\/zonaroja.com.mx\/wp-content\/uploads\/2022\/02\/8fa775ee-e69d-4d9d-a363-94f090d54efe.jpg","jetpack_sharing_enabled":true,"_links":{"self":[{"href":"https:\/\/zonaroja.com.mx\/index.php?rest_route=\/wp\/v2\/posts\/37677","targetHints":{"allow":["GET"]}}],"collection":[{"href":"https:\/\/zonaroja.com.mx\/index.php?rest_route=\/wp\/v2\/posts"}],"about":[{"href":"https:\/\/zonaroja.com.mx\/index.php?rest_route=\/wp\/v2\/types\/post"}],"author":[{"embeddable":true,"href":"https:\/\/zonaroja.com.mx\/index.php?rest_route=\/wp\/v2\/users\/2"}],"replies":[{"embeddable":true,"href":"https:\/\/zonaroja.com.mx\/index.php?rest_route=%2Fwp%2Fv2%2Fcomments&post=37677"}],"version-history":[{"count":1,"href":"https:\/\/zonaroja.com.mx\/index.php?rest_route=\/wp\/v2\/posts\/37677\/revisions"}],"predecessor-version":[{"id":37678,"href":"https:\/\/zonaroja.com.mx\/index.php?rest_route=\/wp\/v2\/posts\/37677\/revisions\/37678"}],"wp:featuredmedia":[{"embeddable":true,"href":"https:\/\/zonaroja.com.mx\/index.php?rest_route=\/wp\/v2\/media\/37676"}],"wp:attachment":[{"href":"https:\/\/zonaroja.com.mx\/index.php?rest_route=%2Fwp%2Fv2%2Fmedia&parent=37677"}],"wp:term":[{"taxonomy":"category","embeddable":true,"href":"https:\/\/zonaroja.com.mx\/index.php?rest_route=%2Fwp%2Fv2%2Fcategories&post=37677"},{"taxonomy":"post_tag","embeddable":true,"href":"https:\/\/zonaroja.com.mx\/index.php?rest_route=%2Fwp%2Fv2%2Ftags&post=37677"}],"curies":[{"name":"wp","href":"https:\/\/api.w.org\/{rel}","templated":true}]}}