{"id":3768,"date":"2019-09-08T14:01:22","date_gmt":"2019-09-08T19:01:22","guid":{"rendered":"http:\/\/www.zonaroja.com.mx\/?p=3768"},"modified":"2019-09-08T14:01:25","modified_gmt":"2019-09-08T19:01:25","slug":"se-mofan-delincuentes-de-operativos-en-el-istmo-intentan-arrancar-cajero","status":"publish","type":"post","link":"https:\/\/zonaroja.com.mx\/?p=3768","title":{"rendered":"Se mofan delincuentes de operativos en el Istmo; intentan arrancar cajero"},"content":{"rendered":"\n<p>Redacci\u00f3n\/Zona\nRoja.<\/p>\n\n\n\n<p>Oaxaca de\nJu\u00e1rez, Oax., 8 de septiembre de 2019.- A pesar del operativo realizado ayer en\nla regi\u00f3n del Istmo de Tehuantepec por parte polic\u00edas de distintas corporaciones,\nlos delincuentes contin\u00faan operando con impunidad y la ma\u00f1ana de ayer\nintentaron arrancar un cajero autom\u00e1tico en el palacio municipal.<\/p>\n\n\n\n<p>Fue en el\nmunicipio de Santo Domingo Petapa &#8211;donde hace un mes fueron asesinadas a\nbalazos siete personas y hasta ahora no se ha esclarecido el hecho\u2014donde arribaron\nintegrantes de un grupo armado con al menos dos veh\u00edculos, entre ellos una\ncamioneta.<\/p>\n\n\n\n<p>Sin dar\ntiempo a reaccionar a los polic\u00edas municipales, los amagaron con sus armas, los\namarraron y los encerraron en un cuarto del palacio municipal.<\/p>\n\n\n\n<p>Tras ello,\namarraron con cadenas el aparato de la empresa Telecomm, (Telecomunicaciones de\nM\u00e9xico) y lo aseguraron a la camioneta; sin embargo, al momento de arrancar el\nmotor y al tensarse las cadenas, \u00e9stas se rompieron, por lo cual no lograron su\nobjetivo y optaron por huir.<\/p>\n\n\n\n<p>Personal de\nla Vicefiscal\u00eda Regional del Istmo lleg\u00f3 horas m\u00e1s tarde al lugar pero fueron\ninformados que por temor a los delincuentes, ninguna autoridad municipal quer\u00eda\ninterponer su denuncia.<\/p>\n\n\n\n<p>En tanto,\nvecinos reprocharon la ola de inseguridad que ha azotado la zona y la escasa\npresencia de la Polic\u00eda Estatal y de la Guardia Nacional, que s\u00f3lo fue a hacer\npresencia unos d\u00edas y despu\u00e9s se retir\u00f3.<\/p>\n","protected":false},"excerpt":{"rendered":"<p>Redacci\u00f3n\/Zona Roja. Oaxaca de Ju\u00e1rez, Oax., 8 de septiembre de 2019.- A pesar del operativo&hellip;<\/p>\n","protected":false},"author":2,"featured_media":3769,"comment_status":"closed","ping_status":"open","sticky":false,"template":"","format":"standard","meta":{"_lmt_disableupdate":"","_lmt_disable":"","_jetpack_memberships_contains_paid_content":false,"footnotes":""},"categories":[109,51],"tags":[],"class_list":["post-3768","post","type-post","status-publish","format-standard","has-post-thumbnail","hentry","category-minuto-a-minuto","category-zona-roja"],"jetpack_featured_media_url":"https:\/\/zonaroja.com.mx\/wp-content\/uploads\/2019\/09\/Cajero-Petapa.jpg","jetpack_sharing_enabled":true,"_links":{"self":[{"href":"https:\/\/zonaroja.com.mx\/index.php?rest_route=\/wp\/v2\/posts\/3768","targetHints":{"allow":["GET"]}}],"collection":[{"href":"https:\/\/zonaroja.com.mx\/index.php?rest_route=\/wp\/v2\/posts"}],"about":[{"href":"https:\/\/zonaroja.com.mx\/index.php?rest_route=\/wp\/v2\/types\/post"}],"author":[{"embeddable":true,"href":"https:\/\/zonaroja.com.mx\/index.php?rest_route=\/wp\/v2\/users\/2"}],"replies":[{"embeddable":true,"href":"https:\/\/zonaroja.com.mx\/index.php?rest_route=%2Fwp%2Fv2%2Fcomments&post=3768"}],"version-history":[{"count":1,"href":"https:\/\/zonaroja.com.mx\/index.php?rest_route=\/wp\/v2\/posts\/3768\/revisions"}],"predecessor-version":[{"id":3770,"href":"https:\/\/zonaroja.com.mx\/index.php?rest_route=\/wp\/v2\/posts\/3768\/revisions\/3770"}],"wp:featuredmedia":[{"embeddable":true,"href":"https:\/\/zonaroja.com.mx\/index.php?rest_route=\/wp\/v2\/media\/3769"}],"wp:attachment":[{"href":"https:\/\/zonaroja.com.mx\/index.php?rest_route=%2Fwp%2Fv2%2Fmedia&parent=3768"}],"wp:term":[{"taxonomy":"category","embeddable":true,"href":"https:\/\/zonaroja.com.mx\/index.php?rest_route=%2Fwp%2Fv2%2Fcategories&post=3768"},{"taxonomy":"post_tag","embeddable":true,"href":"https:\/\/zonaroja.com.mx\/index.php?rest_route=%2Fwp%2Fv2%2Ftags&post=3768"}],"curies":[{"name":"wp","href":"https:\/\/api.w.org\/{rel}","templated":true}]}}