{"id":37685,"date":"2022-02-16T20:02:30","date_gmt":"2022-02-17T02:02:30","guid":{"rendered":"http:\/\/www.zonaroja.com.mx\/?p=37685"},"modified":"2022-02-16T20:02:32","modified_gmt":"2022-02-17T02:02:32","slug":"denuncian-otro-probable-feminicidio-ahora-en-eloxochitlan-oaxaca","status":"publish","type":"post","link":"https:\/\/zonaroja.com.mx\/?p=37685","title":{"rendered":"Denuncian otro probable feminicidio, ahora en Eloxochitl\u00e1n, Oaxaca"},"content":{"rendered":"\n<p>Yuridiana Sosa\/Zona Roja.<\/p>\n\n\n\n<p>Oaxaca de Ju\u00e1rez, Oax., 16 de febrero de 2022.- Una mujer de la tercera edad en Oaxaca muri\u00f3 bajo extra\u00f1as circunstancias en la regi\u00f3n de la Ca\u00f1ada, por lo que Mujeres Mazatecas por la Libertad, se pronunciaron para exigir justicia y esclarecer este probable feminicidio.<\/p>\n\n\n\n<p>\u00c1ngeles Velasco, mujer activista que luch\u00f3 por la libertad, respeto por la autonom\u00eda y la asamblea comunitaria, fue localizada sin vida dentro de su domicilio en Eloxochitl\u00e1n de Flores Mag\u00f3n.<\/p>\n\n\n\n<p>Las denunciantes de este hecho apuntaron que la casa de la anciana mujer se encontraba en desorden con indicios de robo, as\u00ed como que la polic\u00eda municipal traslad\u00f3 el cuerpo a las instancias municipales para que se realizara la autopsia.<\/p>\n\n\n\n<p>Ante estos hechos, la comunidad activista exigi\u00f3 al s\u00edndico municipal de Eloxochitl\u00e1n, Fausto Carrasco Guzm\u00e1n, se realicen las diligencias correspondientes para esclarecer los hechos, para descartar o confirmar otro acto m\u00e1s de violencia feminicida. As\u00ed mismo, den a conocer los resultados de las investigaciones a la poblaci\u00f3n.<\/p>\n\n\n\n<p>Las mujeres mazatecas apuntaron que \u201cen recientes a\u00f1os, meses y d\u00edas, la muerte de ancianos y ancianas de la Sierra Mazateca han sido frecuentes y las causas de muerte no han sido esclarecidas, se dice que es porque los despojan de sus apoyos econ\u00f3micos o porque los despojan de su patrimonio\u201d, pero lo casos quedan en la impunidad.<\/p>\n\n\n\n<p>Por estas circunstancias realizaron un exhorto a las autoridades de la regi\u00f3n para dar protecci\u00f3n a las ancianos y ancianos mazatecos e implementar protocolos de prevenci\u00f3n para que sus vidas y sus muertes sean dignas.<\/p>\n","protected":false},"excerpt":{"rendered":"<p>Yuridiana Sosa\/Zona Roja. Oaxaca de Ju\u00e1rez, Oax., 16 de febrero de 2022.- Una mujer de&hellip;<\/p>\n","protected":false},"author":2,"featured_media":37686,"comment_status":"closed","ping_status":"open","sticky":false,"template":"","format":"standard","meta":{"_lmt_disableupdate":"","_lmt_disable":"","_jetpack_memberships_contains_paid_content":false,"footnotes":""},"categories":[109,51],"tags":[719],"class_list":["post-37685","post","type-post","status-publish","format-standard","has-post-thumbnail","hentry","category-minuto-a-minuto","category-zona-roja","tag-eloxochitlan-de-flores-magon"],"jetpack_featured_media_url":"https:\/\/zonaroja.com.mx\/wp-content\/uploads\/2022\/02\/Mujer-Eloxochitlan-feminicidio.jpg","jetpack_sharing_enabled":true,"_links":{"self":[{"href":"https:\/\/zonaroja.com.mx\/index.php?rest_route=\/wp\/v2\/posts\/37685","targetHints":{"allow":["GET"]}}],"collection":[{"href":"https:\/\/zonaroja.com.mx\/index.php?rest_route=\/wp\/v2\/posts"}],"about":[{"href":"https:\/\/zonaroja.com.mx\/index.php?rest_route=\/wp\/v2\/types\/post"}],"author":[{"embeddable":true,"href":"https:\/\/zonaroja.com.mx\/index.php?rest_route=\/wp\/v2\/users\/2"}],"replies":[{"embeddable":true,"href":"https:\/\/zonaroja.com.mx\/index.php?rest_route=%2Fwp%2Fv2%2Fcomments&post=37685"}],"version-history":[{"count":1,"href":"https:\/\/zonaroja.com.mx\/index.php?rest_route=\/wp\/v2\/posts\/37685\/revisions"}],"predecessor-version":[{"id":37687,"href":"https:\/\/zonaroja.com.mx\/index.php?rest_route=\/wp\/v2\/posts\/37685\/revisions\/37687"}],"wp:featuredmedia":[{"embeddable":true,"href":"https:\/\/zonaroja.com.mx\/index.php?rest_route=\/wp\/v2\/media\/37686"}],"wp:attachment":[{"href":"https:\/\/zonaroja.com.mx\/index.php?rest_route=%2Fwp%2Fv2%2Fmedia&parent=37685"}],"wp:term":[{"taxonomy":"category","embeddable":true,"href":"https:\/\/zonaroja.com.mx\/index.php?rest_route=%2Fwp%2Fv2%2Fcategories&post=37685"},{"taxonomy":"post_tag","embeddable":true,"href":"https:\/\/zonaroja.com.mx\/index.php?rest_route=%2Fwp%2Fv2%2Ftags&post=37685"}],"curies":[{"name":"wp","href":"https:\/\/api.w.org\/{rel}","templated":true}]}}