{"id":37693,"date":"2022-02-16T21:58:07","date_gmt":"2022-02-17T03:58:07","guid":{"rendered":"http:\/\/www.zonaroja.com.mx\/?p=37693"},"modified":"2022-02-16T21:58:10","modified_gmt":"2022-02-17T03:58:10","slug":"pide-congreso-que-gobernador-murat-se-abstenga-de-realizar-proselitismo","status":"publish","type":"post","link":"https:\/\/zonaroja.com.mx\/?p=37693","title":{"rendered":"Pide Congreso que gobernador Murat se abstenga de realizar proselitismo"},"content":{"rendered":"\n<p>Redacci\u00f3n\/Zona Roja.<\/p>\n\n\n\n<p>Oaxaca de Ju\u00e1rez, Oax. 16 de febrero de 2022.- Con 22 votos a favor las y los diputados de la 65 Legislatura aprobaron emitir un exhorto al titular del Ejecutivo de Oaxaca, Alejandro Murat, para abstenerse de realizar proselitismo en beneficio de determinados partidos pol\u00edticos y se abstenga de realizar actos que constituyen infracciones en materia electoral.<\/p>\n\n\n\n<p>Tambi\u00e9n se exhort\u00f3 al Instituto Estatal Electoral y de Participaci\u00f3n Ciudadana de Oaxaca (IEEPCO) para que investigue y sancione los hechos suscitados en el evento del Partido Revolucionario Institucional (PRI), realizado el 10 de febrero en el auditorio \u201cGuelaguetza\u201d de Oaxaca, a fin de salvaguardar la equidad en la contienda y los principios que rigen el proceso electoral.<\/p>\n\n\n\n<p>En este tenor, fue se\u00f1alado el gobernador Alejandro Murat Hinojosa por realizar una serie de manifestaciones de las que se destacan se\u00f1alamientos directos hacia integrantes del ayuntamiento de Juchit\u00e1n en materia de seguridad.<\/p>\n\n\n\n<p>Ante el pleno de esta Soberan\u00eda, la diputada y presidenta de la Junta de Conciliaci\u00f3n Pol\u00edtica (Jucopo), Laura Estrada Mauro dijo que \u201caclaramos que somos respetuosos de la vida partidista de nuestro estado, pero no podemos permitir que un jefe de Estado desatienda sus funciones y realice declaraciones y acusaciones graves\u201d.<\/p>\n\n\n\n<figure class=\"wp-block-embed is-type-rich is-provider-twitter wp-block-embed-twitter\"><div class=\"wp-block-embed__wrapper\">\n<div class=\"twitter-tweet\"><blockquote class=\"twitter-tweet\" data-lang=\"es\"><p lang=\"es\" dir=\"ltr\"><a href=\"https:\/\/twitter.com\/hashtag\/%C3%9AltimoMinuto?src=hash&amp;ref_src=twsrc%5Etfw\">#\u00daltimoMinuto<\/a> <br>La presidenta de la Jucopo del <a href=\"https:\/\/twitter.com\/CongresoOaxaca_?ref_src=twsrc%5Etfw\">@CongresoOaxaca_<\/a>, <a href=\"https:\/\/twitter.com\/LauraEstradaMau?ref_src=twsrc%5Etfw\">@LauraEstradaMau<\/a>, present\u00f3 un exhorto del Partido Morena por el cual se pide al gobernador <a href=\"https:\/\/twitter.com\/alejandromurat?ref_src=twsrc%5Etfw\">@AlejandroMurat<\/a> abstenerse de acudir a actos pol\u00edticos proselitistas; fue aprobado por el pleno con 22 votos. <a href=\"https:\/\/t.co\/tIpfLr8MRS\">pic.twitter.com\/tIpfLr8MRS<\/a><\/p>&mdash; Zona Roja Oaxaca (@ZonaRoja_Oaxaca) <a href=\"https:\/\/twitter.com\/ZonaRoja_Oaxaca\/status\/1494092559429390337?ref_src=twsrc%5Etfw\">16 de febrero de 2022<\/a><\/blockquote><\/div>\n<\/div><\/figure>\n\n\n\n<p>&nbsp;\u201c\u00c9l es el primer y mayor responsable de proveer seguridad para las y los oaxaque\u00f1os, el hecho de que un jefe de Estado en ejercicio de sus funciones y sin desprenderse del poder p\u00fablico haya realizado dichos actos, no solo se convierte en una falta en su car\u00e1cter de autoridad, sino que puso en peligro la paz y la estabilidad de Oaxaca\u201d sostuvo Estrada Mauro.<\/p>\n\n\n\n<p>Esta proposici\u00f3n con punto de acuerdo como de urgente y obvia resoluci\u00f3n fue realizada por las legisladoras Laura Estrada Mauro, Tania Caballero Navarro, Leticia Socorro Collado Soto, Melina Hern\u00e1ndez Sosa, Rosalinda L\u00f3pez Garc\u00eda, Lizett Arroyo Rodr\u00edguez, Nancy Natalia Ben\u00edtez Z\u00e1rate, Hayde\u00e9 Irma Reyes Soto, Dennis Garc\u00eda Guti\u00e9rrez, Yesenia Nolasco Ram\u00edrez, Reyna Victoria Jim\u00e9nez, Juana Aguilar Espinoza, Luisa Cort\u00e9s Garc\u00eda, Concepci\u00f3n Rueda G\u00f3mez, Miriam de los \u00c1ngeles V\u00e1squez Ruiz, Eva Diego Cruz y X\u00f3chitl Jazm\u00edn Vel\u00e1zquez V\u00e1squez.<\/p>\n\n\n\n<p>Y los diputados Nicol\u00e1s Enrique Feria Romero, Sergio L\u00f3pez S\u00e1nchez, Pablo D\u00edaz Jim\u00e9nez, Luis Alberto Sosa Castillo, Luis Alfonso Silva Romo, Jaime Mois\u00e9s Santiago Ambrosio, Sesul Bola\u00f1os L\u00f3pez, Horacio Sosa Villavicencio, C\u00e9sar David Mateos Ben\u00edtez, No\u00e9 Doroteo y Samuel Gurri\u00f3n Mat\u00edas.<\/p>\n","protected":false},"excerpt":{"rendered":"<p>Redacci\u00f3n\/Zona Roja. Oaxaca de Ju\u00e1rez, Oax. 16 de febrero de 2022.- Con 22 votos a&hellip;<\/p>\n","protected":false},"author":2,"featured_media":37694,"comment_status":"closed","ping_status":"open","sticky":false,"template":"","format":"standard","meta":{"_lmt_disableupdate":"","_lmt_disable":"","_jetpack_memberships_contains_paid_content":false,"footnotes":""},"categories":[109,46],"tags":[2743,3034],"class_list":["post-37693","post","type-post","status-publish","format-standard","has-post-thumbnail","hentry","category-minuto-a-minuto","category-zona-blanca","tag-65-legislatura-del-estado-de-oaxaca","tag-laura-estrada-mauro"],"jetpack_featured_media_url":"https:\/\/zonaroja.com.mx\/wp-content\/uploads\/2022\/02\/Laura-Estrada-Mauro-1.jpg","jetpack_sharing_enabled":true,"_links":{"self":[{"href":"https:\/\/zonaroja.com.mx\/index.php?rest_route=\/wp\/v2\/posts\/37693","targetHints":{"allow":["GET"]}}],"collection":[{"href":"https:\/\/zonaroja.com.mx\/index.php?rest_route=\/wp\/v2\/posts"}],"about":[{"href":"https:\/\/zonaroja.com.mx\/index.php?rest_route=\/wp\/v2\/types\/post"}],"author":[{"embeddable":true,"href":"https:\/\/zonaroja.com.mx\/index.php?rest_route=\/wp\/v2\/users\/2"}],"replies":[{"embeddable":true,"href":"https:\/\/zonaroja.com.mx\/index.php?rest_route=%2Fwp%2Fv2%2Fcomments&post=37693"}],"version-history":[{"count":1,"href":"https:\/\/zonaroja.com.mx\/index.php?rest_route=\/wp\/v2\/posts\/37693\/revisions"}],"predecessor-version":[{"id":37695,"href":"https:\/\/zonaroja.com.mx\/index.php?rest_route=\/wp\/v2\/posts\/37693\/revisions\/37695"}],"wp:featuredmedia":[{"embeddable":true,"href":"https:\/\/zonaroja.com.mx\/index.php?rest_route=\/wp\/v2\/media\/37694"}],"wp:attachment":[{"href":"https:\/\/zonaroja.com.mx\/index.php?rest_route=%2Fwp%2Fv2%2Fmedia&parent=37693"}],"wp:term":[{"taxonomy":"category","embeddable":true,"href":"https:\/\/zonaroja.com.mx\/index.php?rest_route=%2Fwp%2Fv2%2Fcategories&post=37693"},{"taxonomy":"post_tag","embeddable":true,"href":"https:\/\/zonaroja.com.mx\/index.php?rest_route=%2Fwp%2Fv2%2Ftags&post=37693"}],"curies":[{"name":"wp","href":"https:\/\/api.w.org\/{rel}","templated":true}]}}