{"id":37696,"date":"2022-02-16T22:07:43","date_gmt":"2022-02-17T04:07:43","guid":{"rendered":"http:\/\/www.zonaroja.com.mx\/?p=37696"},"modified":"2022-02-16T22:07:47","modified_gmt":"2022-02-17T04:07:47","slug":"cuestionan-a-municipio-por-permitir-apertura-excesiva-de-bares-y-cantinas-en-xochimilco","status":"publish","type":"post","link":"https:\/\/zonaroja.com.mx\/?p=37696","title":{"rendered":"Cuestionan a municipio por permitir apertura excesiva de bares y cantinas en Xochimilco"},"content":{"rendered":"\n<p>Redacci\u00f3n\/Informativo 570.<\/p>\n\n\n\n<p>Oaxaca de Ju\u00e1rez, Oax., 16 de febrero de 2022.- Vecinos del barrio de Xochimilco cuestionaron al presidente municipal de Oaxaca de Ju\u00e1rez, Francisco Mart\u00ednez Neri, por la tibieza con la que ha actuado para regular la apertura excesiva de bares y cantinas en la zona, considerada patrimonio cultural de la humanidad.<\/p>\n\n\n\n<p>Se\u00f1alaron que desde hace varias semanas han externado al mun\u00edcipe su preocupaci\u00f3n por la proliferaci\u00f3n de este tipo de giros en el barrio de Xochimilco y que han incrementado en los \u00faltimos d\u00edas pese a la semaforizaci\u00f3n de la pandemia.<\/p>\n\n\n\n<p>\u201cLos vecinos de esta zona hacemos un llamado a la UNESCO, al INAH, al gobierno federal, estatal, municipal y a la Comisi\u00f3n Nacional de los Derechos Humanos, en su intervenci\u00f3n inmediata que pongan alto a los salones de fiesta, bares y negocios que irrumpen en esta zona por el derecho a nuestra salud y espacio libre de ruido\u201d, describen lonas que colgaron en las entradas del barrio de Xochimilco.<\/p>\n\n\n\n<p>Isaac Garc\u00eda, presiente de vecinos de Cruz de Piedra y Xochimilco, se\u00f1al\u00f3 que desde la administraci\u00f3n pasada han gestionado la regularizaci\u00f3n de este tipo de negocios, pero no tuvieron \u00e9xito.<\/p>\n\n\n\n<p>Por ello, hace un mes volvieron a entregar un oficio a la nueva administraci\u00f3n que encabeza Mart\u00ednez Neri, pero tampoco han sido escuchados, por lo que decidieron emprender este mi\u00e9rcoles una manifestaci\u00f3n pac\u00edfica con el fin de poder obtener respuestas favorables a esta demanda.<\/p>\n\n\n\n<figure class=\"wp-block-embed is-type-rich is-provider-twitter wp-block-embed-twitter\"><div class=\"wp-block-embed__wrapper\">\n<div class=\"twitter-tweet\"><blockquote class=\"twitter-tweet\" data-lang=\"es\"><p lang=\"es\" dir=\"ltr\"><a href=\"https:\/\/twitter.com\/hashtag\/%C3%9AltimoMinuto?src=hash&amp;ref_src=twsrc%5Etfw\">#\u00daltimoMinuto<\/a> <br>Habitantes del barrio de Xochimilco, protestan contra la autoridad de <a href=\"https:\/\/twitter.com\/hashtag\/Oaxaca?src=hash&amp;ref_src=twsrc%5Etfw\">#Oaxaca<\/a> de Ju\u00e1rez, que preside <a href=\"https:\/\/twitter.com\/FMartinezNeri?ref_src=twsrc%5Etfw\">@FMartinezNeri<\/a>, por excesiva apertura de bares y cantinas en la zona, considerada patrimonio cultural de la humanidad.<br>Video cortes\u00eda de <a href=\"https:\/\/twitter.com\/Betillocruz?ref_src=twsrc%5Etfw\">@Betillocruz<\/a>. <a href=\"https:\/\/t.co\/TT0RhduECV\">pic.twitter.com\/TT0RhduECV<\/a><\/p>&mdash; Zona Roja Oaxaca (@ZonaRoja_Oaxaca) <a href=\"https:\/\/twitter.com\/ZonaRoja_Oaxaca\/status\/1493963880325955586?ref_src=twsrc%5Etfw\">16 de febrero de 2022<\/a><\/blockquote><\/div>\n<\/div><\/figure>\n","protected":false},"excerpt":{"rendered":"<p>Redacci\u00f3n\/Informativo 570. Oaxaca de Ju\u00e1rez, Oax., 16 de febrero de 2022.- Vecinos del barrio de&hellip;<\/p>\n","protected":false},"author":2,"featured_media":37697,"comment_status":"closed","ping_status":"open","sticky":false,"template":"","format":"standard","meta":{"_lmt_disableupdate":"","_lmt_disable":"","_jetpack_memberships_contains_paid_content":false,"footnotes":""},"categories":[109,47],"tags":[2418],"class_list":["post-37696","post","type-post","status-publish","format-standard","has-post-thumbnail","hentry","category-minuto-a-minuto","category-zona-gris","tag-francisco-martinez-neri"],"jetpack_featured_media_url":"https:\/\/zonaroja.com.mx\/wp-content\/uploads\/2022\/02\/Protesta-vecinos-Xochimilco-Oaxaca.jpg","jetpack_sharing_enabled":true,"_links":{"self":[{"href":"https:\/\/zonaroja.com.mx\/index.php?rest_route=\/wp\/v2\/posts\/37696","targetHints":{"allow":["GET"]}}],"collection":[{"href":"https:\/\/zonaroja.com.mx\/index.php?rest_route=\/wp\/v2\/posts"}],"about":[{"href":"https:\/\/zonaroja.com.mx\/index.php?rest_route=\/wp\/v2\/types\/post"}],"author":[{"embeddable":true,"href":"https:\/\/zonaroja.com.mx\/index.php?rest_route=\/wp\/v2\/users\/2"}],"replies":[{"embeddable":true,"href":"https:\/\/zonaroja.com.mx\/index.php?rest_route=%2Fwp%2Fv2%2Fcomments&post=37696"}],"version-history":[{"count":1,"href":"https:\/\/zonaroja.com.mx\/index.php?rest_route=\/wp\/v2\/posts\/37696\/revisions"}],"predecessor-version":[{"id":37698,"href":"https:\/\/zonaroja.com.mx\/index.php?rest_route=\/wp\/v2\/posts\/37696\/revisions\/37698"}],"wp:featuredmedia":[{"embeddable":true,"href":"https:\/\/zonaroja.com.mx\/index.php?rest_route=\/wp\/v2\/media\/37697"}],"wp:attachment":[{"href":"https:\/\/zonaroja.com.mx\/index.php?rest_route=%2Fwp%2Fv2%2Fmedia&parent=37696"}],"wp:term":[{"taxonomy":"category","embeddable":true,"href":"https:\/\/zonaroja.com.mx\/index.php?rest_route=%2Fwp%2Fv2%2Fcategories&post=37696"},{"taxonomy":"post_tag","embeddable":true,"href":"https:\/\/zonaroja.com.mx\/index.php?rest_route=%2Fwp%2Fv2%2Ftags&post=37696"}],"curies":[{"name":"wp","href":"https:\/\/api.w.org\/{rel}","templated":true}]}}