{"id":37699,"date":"2022-02-16T22:33:35","date_gmt":"2022-02-17T04:33:35","guid":{"rendered":"http:\/\/www.zonaroja.com.mx\/?p=37699"},"modified":"2022-02-16T22:33:37","modified_gmt":"2022-02-17T04:33:37","slug":"diputada-pide-justicia-y-alto-a-crimenes-contra-periodistas-en-mexico","status":"publish","type":"post","link":"https:\/\/zonaroja.com.mx\/?p=37699","title":{"rendered":"Diputada pide justicia y alto a cr\u00edmenes contra periodistas en M\u00e9xico"},"content":{"rendered":"\n<p>Redacci\u00f3n\/Zona Roja.<\/p>\n\n\n\n<p>Oaxaca de Ju\u00e1rez, Oax., 16 de febrero de 2022.- La presidenta de la Mesa Directiva de la 65 Legislatura de Oaxaca, Mariana Ben\u00edtez Tiburcio, se solidariz\u00f3 con el gremio period\u00edstico; lament\u00f3 los cr\u00edmenes y agresiones en M\u00e9xico y Oaxaca; demand\u00f3 un alto a los ataques, as\u00ed como justicia pronta y expedita.<\/p>\n\n\n\n<p>\u201cEn M\u00e9xico tenemos una deuda hist\u00f3rica, porque efectivamente la muerte de periodistas no es de este gobierno ni del anterior; llevamos d\u00e9cadas hablando de esto.<\/p>\n\n\n\n<p>\u201cSin embargo, hemos visto en a\u00f1os recientes un creciente aumento de la violencia, de la inseguridad, de los asesinatos en contra de periodistas en nuestro pa\u00eds.<\/p>\n\n\n\n<p>\u201cNo es una cuesti\u00f3n de politiquer\u00eda, es una cuesti\u00f3n que nos debe importar, de verdad, como ciudadanos. Mi pronunciamiento no es para abonar en la polarizaci\u00f3n entre quienes est\u00e1n a favor o en contra\u201d, dijo.<\/p>\n\n\n\n<p>Asimismo, Ben\u00edtez Tiburcio exhort\u00f3 a las autoridades federales y estatales de procuraci\u00f3n de justicia, para que investiguen los casos de los periodistas asesinados en el pa\u00eds, as\u00ed como se haga justicia a las v\u00edctimas y sus familiares.<\/p>\n\n\n\n<p>Al presentar durante la sesi\u00f3n ordinaria un punto de acuerdo, se pronunci\u00f3 por abatir la impunidad que existe en los casos donde se ha asesinado a las y los periodistas.<\/p>\n\n\n\n<p>La legisladora del PRI conmin\u00f3 al gobierno federal garantizar un mecanismo de protecci\u00f3n a periodistas m\u00e1s s\u00f3lido y oportuno, que asegure la suficiencia de recursos humanos, materiales y financieros.<\/p>\n\n\n\n<p>En tal sentido, propuso que este mecanismo est\u00e9 integrado por un sistema homologado de intercambio de informaci\u00f3n en todo el pa\u00eds, con criterios claros de formaci\u00f3n y actualizaci\u00f3n con perspectiva de g\u00e9nero para el personal encargado de garantizar la protecci\u00f3n de las y los periodistas, que adem\u00e1s, permita la pronta intervenci\u00f3n en las regiones del pa\u00eds donde la capacidad de reacci\u00f3n es d\u00e9bil, as\u00ed como servicios de asesor\u00eda jur\u00eddica y de acompa\u00f1amiento para las y los beneficiados.<\/p>\n\n\n\n<figure class=\"wp-block-embed is-type-rich is-provider-twitter wp-block-embed-twitter\"><div class=\"wp-block-embed__wrapper\">\n<div class=\"twitter-tweet\"><blockquote class=\"twitter-tweet\" data-lang=\"es\"><p lang=\"es\" dir=\"ltr\"><a href=\"https:\/\/twitter.com\/hashtag\/%C3%9AltimoMinuto?src=hash&amp;ref_src=twsrc%5Etfw\">#\u00daltimoMinuto<\/a> <br>En sesi\u00f3n del <a href=\"https:\/\/twitter.com\/CongresoOaxaca_?ref_src=twsrc%5Etfw\">@CongresoOaxaca_<\/a>, la presidenta de la Mesa Directiva, <a href=\"https:\/\/twitter.com\/marianabenitezt?ref_src=twsrc%5Etfw\">@marianabenitezt<\/a>, conden\u00f3 las agresiones y asesinatos de periodistas en M\u00e9xico y <a href=\"https:\/\/twitter.com\/hashtag\/Oaxaca?src=hash&amp;ref_src=twsrc%5Etfw\">#Oaxaca<\/a>.<br>Expres\u00f3 su solidaridad y respaldo al gremio.<br>Llam\u00f3 a autoridades a agilizar los procesos de justicia. <a href=\"https:\/\/t.co\/Ky1dtasIp0\">pic.twitter.com\/Ky1dtasIp0<\/a><\/p>&mdash; Zona Roja Oaxaca (@ZonaRoja_Oaxaca) <a href=\"https:\/\/twitter.com\/ZonaRoja_Oaxaca\/status\/1494075182813786114?ref_src=twsrc%5Etfw\">16 de febrero de 2022<\/a><\/blockquote><\/div>\n<\/div><\/figure>\n\n\n\n<p>Llam\u00f3 a las autoridades federales se abstengan de realizar se\u00f1alamientos de acusaciones contra el periodismo cr\u00edtico a nivel nacional, y en su lugar, se haga un respaldo p\u00fablico y de pleno respeto a la libertad de expresi\u00f3n de las y los periodistas en el pa\u00eds, y se promueva en su favor un modelo de prevenci\u00f3n de agresiones al gremio period\u00edstico.<\/p>\n\n\n\n<p>Asegur\u00f3 que en M\u00e9xico se tiene una deuda hist\u00f3rica con las y los periodistas, pues desde hace varios a\u00f1os las agresiones, verbales, f\u00edsicas y asesinas en su contra han sido una constante que lamentablemente provienen desde distintos frentes: el poder p\u00fablico, el poder factico y el poder criminal.<\/p>\n\n\n\n<p>Cit\u00f3 que con base a la organizaci\u00f3n internacional de \u201cReporteros Sin Fronteras\u201d, al menos siete periodistas fueron asesinados en M\u00e9xico en 2021, lo que lo transforma \u201cen el m\u00e1s mort\u00edfero del mundo para la prensa\u201d. Por otro lado, el 2022 no pinta diferente, pues tan solo en lo que va del a\u00f1o, han perdido la vida 6 mujeres y hombres dedicados al periodismo y la comunicaci\u00f3n.<\/p>\n\n\n\n<p>Reflexion\u00f3 en la necesidad de desarrollar en el pa\u00eds una pol\u00edtica integral de Estado, que asegure la efectiva coordinaci\u00f3n del capital pol\u00edtico, que no escatime en recursos humanos, econ\u00f3micos y materiales, y que cambie de paradigma en el cumplimiento de su mandato de protecci\u00f3n, dejando de lado las pol\u00edticas reactivas y asegurando un nuevo enfoque de prevenci\u00f3n y anulaci\u00f3n de riesgos.<\/p>\n","protected":false},"excerpt":{"rendered":"<p>Redacci\u00f3n\/Zona Roja. Oaxaca de Ju\u00e1rez, Oax., 16 de febrero de 2022.- La presidenta de la&hellip;<\/p>\n","protected":false},"author":2,"featured_media":37700,"comment_status":"closed","ping_status":"open","sticky":false,"template":"","format":"standard","meta":{"_lmt_disableupdate":"","_lmt_disable":"","_jetpack_memberships_contains_paid_content":false,"footnotes":""},"categories":[109,46],"tags":[2969],"class_list":["post-37699","post","type-post","status-publish","format-standard","has-post-thumbnail","hentry","category-minuto-a-minuto","category-zona-blanca","tag-mariana-benitez-tiburcio"],"jetpack_featured_media_url":"https:\/\/zonaroja.com.mx\/wp-content\/uploads\/2022\/02\/Mariana-Benitez-Tiburcio-1.jpg","jetpack_sharing_enabled":true,"_links":{"self":[{"href":"https:\/\/zonaroja.com.mx\/index.php?rest_route=\/wp\/v2\/posts\/37699","targetHints":{"allow":["GET"]}}],"collection":[{"href":"https:\/\/zonaroja.com.mx\/index.php?rest_route=\/wp\/v2\/posts"}],"about":[{"href":"https:\/\/zonaroja.com.mx\/index.php?rest_route=\/wp\/v2\/types\/post"}],"author":[{"embeddable":true,"href":"https:\/\/zonaroja.com.mx\/index.php?rest_route=\/wp\/v2\/users\/2"}],"replies":[{"embeddable":true,"href":"https:\/\/zonaroja.com.mx\/index.php?rest_route=%2Fwp%2Fv2%2Fcomments&post=37699"}],"version-history":[{"count":1,"href":"https:\/\/zonaroja.com.mx\/index.php?rest_route=\/wp\/v2\/posts\/37699\/revisions"}],"predecessor-version":[{"id":37701,"href":"https:\/\/zonaroja.com.mx\/index.php?rest_route=\/wp\/v2\/posts\/37699\/revisions\/37701"}],"wp:featuredmedia":[{"embeddable":true,"href":"https:\/\/zonaroja.com.mx\/index.php?rest_route=\/wp\/v2\/media\/37700"}],"wp:attachment":[{"href":"https:\/\/zonaroja.com.mx\/index.php?rest_route=%2Fwp%2Fv2%2Fmedia&parent=37699"}],"wp:term":[{"taxonomy":"category","embeddable":true,"href":"https:\/\/zonaroja.com.mx\/index.php?rest_route=%2Fwp%2Fv2%2Fcategories&post=37699"},{"taxonomy":"post_tag","embeddable":true,"href":"https:\/\/zonaroja.com.mx\/index.php?rest_route=%2Fwp%2Fv2%2Ftags&post=37699"}],"curies":[{"name":"wp","href":"https:\/\/api.w.org\/{rel}","templated":true}]}}