{"id":37702,"date":"2022-02-16T22:36:35","date_gmt":"2022-02-17T04:36:35","guid":{"rendered":"http:\/\/www.zonaroja.com.mx\/?p=37702"},"modified":"2022-02-16T22:36:39","modified_gmt":"2022-02-17T04:36:39","slug":"registra-miercoles-801-contagios-de-covid-y-14-decesos-en-oaxaca","status":"publish","type":"post","link":"https:\/\/zonaroja.com.mx\/?p=37702","title":{"rendered":"Registra mi\u00e9rcoles 801 contagios de Covid y 14 decesos en Oaxaca"},"content":{"rendered":"\n<p>Redacci\u00f3n\/Zona Roja.<\/p>\n\n\n\n<p>Oaxaca de Ju\u00e1rez, Oax., 16 de febrero de 2022.- Los Servicios de Salud de Oaxaca (SSO) insisten en no bajar la guardia, as\u00ed como cumplir y reforzar las medidas sanitarias, ello al reportar este 16 de febrero 801 casos nuevos de Covid-19 y 14 decesos m\u00e1s.<\/p>\n\n\n\n<p>Con ello, la entidad alcanz\u00f3 los 111 mil 582 positivos acumulados del SARS-CoV-2, mientras que la cifra de decesos asociadas a la enfermedad se ubic\u00f3 en cinco mil 902. La pandemia se encuentra activa en 186 municipios oaxaque\u00f1os con un total de dos mil 886 casos.<\/p>\n\n\n\n<p>Los datos del informe diario de la dependencia precisaron que se tienen contabilizados un global de 196 mil 796 personas que han presentado s\u00edntomas relacionados a la patolog\u00eda, de ese total 78 mil 901 son casos negativos, seis mil 310 est\u00e1n como sospechosos y 102 mil 797 se han recuperado, 741 m\u00e1s que el d\u00eda de ayer.<\/p>\n\n\n\n<p>De los ayuntamientos con casos positivos en el \u00faltimo corte, destacaron: Oaxaca de Ju\u00e1rez con 294 confirmados, Santa Mar\u00eda Huatulco con 59, Santa Luc\u00eda del Camino con 35, Santa Cruz Xoxocotl\u00e1n con 33, Santiago Pinotepa Nacional con 28, Salina Cruz y San Juan Bautista Tuxtepec con 23 cada uno, por mencionar algunos. Con un total de 92 municipios con pacientes nuevos.<\/p>\n\n\n\n<figure class=\"wp-block-embed is-type-rich is-provider-twitter wp-block-embed-twitter\"><div class=\"wp-block-embed__wrapper\">\n<div class=\"twitter-tweet\"><blockquote class=\"twitter-tweet\" data-lang=\"es\"><p lang=\"es\" dir=\"ltr\"><a href=\"https:\/\/twitter.com\/hashtag\/%C3%9AltimoMinuto?src=hash&amp;ref_src=twsrc%5Etfw\">#\u00daltimoMinuto<\/a><br>Los Servicios de Salud de <a href=\"https:\/\/twitter.com\/hashtag\/Oaxaca?src=hash&amp;ref_src=twsrc%5Etfw\">#Oaxaca<\/a> reportan este mi\u00e9rcoles 801 casos positivos, 14 fallecimientos y 2 mil 886 casos activos de <a href=\"https:\/\/twitter.com\/hashtag\/Covid?src=hash&amp;ref_src=twsrc%5Etfw\">#Covid<\/a>.<br>Suman 115 mil 585 casos confirmados y 5 mil 902 decesos.<br>Hay 8 nosocomios saturados y la ocupaci\u00f3n hospitalaria es de 38.9%. <a href=\"https:\/\/t.co\/rqLt6opeMu\">pic.twitter.com\/rqLt6opeMu<\/a><\/p>&mdash; Zona Roja Oaxaca (@ZonaRoja_Oaxaca) <a href=\"https:\/\/twitter.com\/ZonaRoja_Oaxaca\/status\/1494140681274769416?ref_src=twsrc%5Etfw\">17 de febrero de 2022<\/a><\/blockquote><\/div>\n<\/div><\/figure>\n\n\n\n<p>Por Jurisdicci\u00f3n Sanitaria, Valles Centrales sum\u00f3 67 mil 289 confirmados, mil 640 activos y dos mil 607 defunciones; Istmo 15 mil 712 confirmados, 443 activos y mil 262 defunciones; Tuxtepec ocho mil 552 confirmados, 323 activos y 597 defunciones; Costa siete mil 936 confirmados, 226 activos y 498 defunciones; Mixteca ocho mil 462 confirmados, 156 activos y 602 defunciones; Sierra tres mil 634 confirmados, 336 activos y 98 defunciones.<\/p>\n\n\n\n<p>As\u00ed tambi\u00e9n este mi\u00e9rcoles se registr\u00f3 el ingreso a la red m\u00e9dica de siete personas, para un total de 165 hospitalizados; ocho nosocomios se encuentran al 100% de su capacidad, es decir, se tiene un global del 38.9% de saturaci\u00f3n de camas para la atenci\u00f3n de la pandemia.<\/p>\n\n\n\n<p>La dependencia precis\u00f3 que la mejor forma de proteger la salud propia y la de las familias oaxaque\u00f1as, es usando correctamente el cubrebocas en todo momento al salir de casa, completar el esquema de vacunaci\u00f3n cuando corresponda seg\u00fan el grupo de edad, aunado al lavado constante de manos, evitar lugares aglomerados y poco ventilados, ante una emergencia llamar al 911.<\/p>\n","protected":false},"excerpt":{"rendered":"<p>Redacci\u00f3n\/Zona Roja. Oaxaca de Ju\u00e1rez, Oax., 16 de febrero de 2022.- Los Servicios de Salud&hellip;<\/p>\n","protected":false},"author":2,"featured_media":37703,"comment_status":"closed","ping_status":"open","sticky":false,"template":"","format":"standard","meta":{"_lmt_disableupdate":"","_lmt_disable":"","_jetpack_memberships_contains_paid_content":false,"footnotes":""},"categories":[109,47],"tags":[1512],"class_list":["post-37702","post","type-post","status-publish","format-standard","has-post-thumbnail","hentry","category-minuto-a-minuto","category-zona-gris","tag-coronavirus-oaxaca"],"jetpack_featured_media_url":"https:\/\/zonaroja.com.mx\/wp-content\/uploads\/2022\/02\/16-de-febrero-de-2022.-Comunicado-Te\u0301cnico-COVID-19.jpeg","jetpack_sharing_enabled":true,"_links":{"self":[{"href":"https:\/\/zonaroja.com.mx\/index.php?rest_route=\/wp\/v2\/posts\/37702","targetHints":{"allow":["GET"]}}],"collection":[{"href":"https:\/\/zonaroja.com.mx\/index.php?rest_route=\/wp\/v2\/posts"}],"about":[{"href":"https:\/\/zonaroja.com.mx\/index.php?rest_route=\/wp\/v2\/types\/post"}],"author":[{"embeddable":true,"href":"https:\/\/zonaroja.com.mx\/index.php?rest_route=\/wp\/v2\/users\/2"}],"replies":[{"embeddable":true,"href":"https:\/\/zonaroja.com.mx\/index.php?rest_route=%2Fwp%2Fv2%2Fcomments&post=37702"}],"version-history":[{"count":1,"href":"https:\/\/zonaroja.com.mx\/index.php?rest_route=\/wp\/v2\/posts\/37702\/revisions"}],"predecessor-version":[{"id":37704,"href":"https:\/\/zonaroja.com.mx\/index.php?rest_route=\/wp\/v2\/posts\/37702\/revisions\/37704"}],"wp:featuredmedia":[{"embeddable":true,"href":"https:\/\/zonaroja.com.mx\/index.php?rest_route=\/wp\/v2\/media\/37703"}],"wp:attachment":[{"href":"https:\/\/zonaroja.com.mx\/index.php?rest_route=%2Fwp%2Fv2%2Fmedia&parent=37702"}],"wp:term":[{"taxonomy":"category","embeddable":true,"href":"https:\/\/zonaroja.com.mx\/index.php?rest_route=%2Fwp%2Fv2%2Fcategories&post=37702"},{"taxonomy":"post_tag","embeddable":true,"href":"https:\/\/zonaroja.com.mx\/index.php?rest_route=%2Fwp%2Fv2%2Ftags&post=37702"}],"curies":[{"name":"wp","href":"https:\/\/api.w.org\/{rel}","templated":true}]}}