{"id":37716,"date":"2022-02-17T08:13:17","date_gmt":"2022-02-17T14:13:17","guid":{"rendered":"http:\/\/www.zonaroja.com.mx\/?p=37716"},"modified":"2022-02-17T08:13:20","modified_gmt":"2022-02-17T14:13:20","slug":"demandan-diputados-proteccion-a-victimas-de-tapanatepec-y-seguridad-en-istmo","status":"publish","type":"post","link":"https:\/\/zonaroja.com.mx\/?p=37716","title":{"rendered":"Demandan diputados protecci\u00f3n a v\u00edctimas de Tapanatepec y seguridad en Istmo"},"content":{"rendered":"\n<p>Redacci\u00f3n\/Zona Roja.<\/p>\n\n\n\n<p>Oaxaca de Ju\u00e1rez, Oax. 17 de febrero de 2022.- El Congreso oaxaque\u00f1o aprob\u00f3 con 26 votos a favor como de urgente y obvia resoluci\u00f3n, el exhorto al gobernador del Estado, Alejandro Ismael Murat Hinojosa, para instruir a la Secretar\u00eda de Seguridad P\u00fablica de Oaxaca (SSPO) a reforzar la seguridad y medidas de protecci\u00f3n en el hospital en donde se encuentran las v\u00edctimas del ataque armado en contra del presidente municipal de San Pedro Tapanatepec.<\/p>\n\n\n\n<p>Tambi\u00e9n, solicit\u00f3 que se generen estrategias a fin de redoblar la seguridad en el Istmo de Tehuantepec y salvaguardar la integridad f\u00edsica de las personas y la paz social de la regi\u00f3n.<\/p>\n\n\n\n<p>Insisti\u00f3 en que ning\u00fan funcionario p\u00fablico municipal, periodista o activista debe correr peligro por desempe\u00f1ar su profesi\u00f3n.<\/p>\n\n\n\n<p>De igual forma se exhort\u00f3 al fiscal general del Estado de Oaxaca, Arturo de Jes\u00fas Peimbert Calvo, para que realice de manera pronta, completa, expedita e imparcial, las investigaciones relacionadas con el ataque armado en contra del presidente municipal de Tapanatepec.<\/p>\n\n\n\n<p>Esto para llevar ante la justicia a todos los involucrados, quienes hayan perpetrado materialmente e intelectualmente en el atentado contra el edil Humberto L\u00f3pez Parrazales, as\u00ed como en el ocurrido contra el periodista Heber L\u00f3pez V\u00e1squez.<\/p>\n\n\n\n<p>Por su parte, la diputada Rosalinda L\u00f3pez Garc\u00eda dijo durante la sesi\u00f3n ordinaria de este d\u00eda, que \u201ces triste saber que la delincuencia est\u00e1 creciendo y sobre todo la inseguridad, si a un presidente municipal le hicieron esto, qu\u00e9 puede esperar la ciudadan\u00eda.<\/p>\n\n\n\n<p>\u201cPor ello se debe redoblar la seguridad no s\u00f3lo en el Istmo de Tehuantepec, sino en todo el estado, porque cada vez aumentan los atentados y las amenazas, parece que la delincuencia puede m\u00e1s que el gobierno\u201d, sostuvo L\u00f3pez Garc\u00eda.<\/p>\n\n\n\n<p>Este punto de acuerdo fue propuesto por las legisladoras Laura Estrada Mauro, Nancy Natalia Ben\u00edtez Z\u00e1rate, Leticia Collado Soto, Melina Hern\u00e1ndez Sosa, Rosalinda L\u00f3pez Garc\u00eda, Lizett Arroyo Rodr\u00edguez, Tania Caballero Navarro, Hayde\u00e9 Irma Reyes Soto, Dennis Garc\u00eda Guti\u00e9rrez, Yesenia Nolasco Ram\u00edrez, Reyna Victoria Jim\u00e9nez Cervantes, Juana Aguilar Espinoza, Luisa Cort\u00e9s Garc\u00eda y Concepci\u00f3n Rueda G\u00f3mez.<\/p>\n\n\n\n<p>Y los legisladores Sesul Bola\u00f1os L\u00f3pez, C\u00e9sar David Mateos Ben\u00edtez, Jaime Mois\u00e9s Santiago Ambrosio, Horacio Sosa Villavicencio, Luis Alfonso Silva Romo, Luis Alberto Sosa Castillo, Pablo D\u00edaz Jim\u00e9nez, Sergio L\u00f3pez S\u00e1nchez y Nicol\u00e1s Enrique Feria Romero.<\/p>\n","protected":false},"excerpt":{"rendered":"<p>Redacci\u00f3n\/Zona Roja. Oaxaca de Ju\u00e1rez, Oax. 17 de febrero de 2022.- El Congreso oaxaque\u00f1o aprob\u00f3&hellip;<\/p>\n","protected":false},"author":2,"featured_media":37562,"comment_status":"closed","ping_status":"open","sticky":false,"template":"","format":"standard","meta":{"_lmt_disableupdate":"","_lmt_disable":"","_jetpack_memberships_contains_paid_content":false,"footnotes":""},"categories":[109,47],"tags":[3031,206],"class_list":["post-37716","post","type-post","status-publish","format-standard","has-post-thumbnail","hentry","category-minuto-a-minuto","category-zona-gris","tag-humberto-lopez-parrazales","tag-san-pedro-tapanatepec"],"jetpack_featured_media_url":"https:\/\/zonaroja.com.mx\/wp-content\/uploads\/2022\/02\/Atentado-camioneta-edil-de-Tapanatepec-Humberto-Parrazales.jpg","jetpack_sharing_enabled":true,"_links":{"self":[{"href":"https:\/\/zonaroja.com.mx\/index.php?rest_route=\/wp\/v2\/posts\/37716","targetHints":{"allow":["GET"]}}],"collection":[{"href":"https:\/\/zonaroja.com.mx\/index.php?rest_route=\/wp\/v2\/posts"}],"about":[{"href":"https:\/\/zonaroja.com.mx\/index.php?rest_route=\/wp\/v2\/types\/post"}],"author":[{"embeddable":true,"href":"https:\/\/zonaroja.com.mx\/index.php?rest_route=\/wp\/v2\/users\/2"}],"replies":[{"embeddable":true,"href":"https:\/\/zonaroja.com.mx\/index.php?rest_route=%2Fwp%2Fv2%2Fcomments&post=37716"}],"version-history":[{"count":1,"href":"https:\/\/zonaroja.com.mx\/index.php?rest_route=\/wp\/v2\/posts\/37716\/revisions"}],"predecessor-version":[{"id":37717,"href":"https:\/\/zonaroja.com.mx\/index.php?rest_route=\/wp\/v2\/posts\/37716\/revisions\/37717"}],"wp:featuredmedia":[{"embeddable":true,"href":"https:\/\/zonaroja.com.mx\/index.php?rest_route=\/wp\/v2\/media\/37562"}],"wp:attachment":[{"href":"https:\/\/zonaroja.com.mx\/index.php?rest_route=%2Fwp%2Fv2%2Fmedia&parent=37716"}],"wp:term":[{"taxonomy":"category","embeddable":true,"href":"https:\/\/zonaroja.com.mx\/index.php?rest_route=%2Fwp%2Fv2%2Fcategories&post=37716"},{"taxonomy":"post_tag","embeddable":true,"href":"https:\/\/zonaroja.com.mx\/index.php?rest_route=%2Fwp%2Fv2%2Ftags&post=37716"}],"curies":[{"name":"wp","href":"https:\/\/api.w.org\/{rel}","templated":true}]}}