{"id":37723,"date":"2022-02-17T08:24:29","date_gmt":"2022-02-17T14:24:29","guid":{"rendered":"http:\/\/www.zonaroja.com.mx\/?p=37723"},"modified":"2022-02-17T08:24:31","modified_gmt":"2022-02-17T14:24:31","slug":"activistas-reclaman-desinteres-de-autoridades-en-proteccion-a-periodistas","status":"publish","type":"post","link":"https:\/\/zonaroja.com.mx\/?p=37723","title":{"rendered":"Activistas reclaman desinter\u00e9s de autoridades en protecci\u00f3n a periodistas"},"content":{"rendered":"\n<p>Redacci\u00f3n\/Zona Roja Cdmx.<\/p>\n\n\n\n<p>Ciudad de M\u00e9xico, 16 de febrero de 2022.- A unos d\u00edas del asesinato del periodistas Heber L\u00f3pez, en Oaxaca, la Secretar\u00eda de Gobernaci\u00f3n, el gobierno de ese estado y la Comisi\u00f3n Nacional de los Derechos Humanos (CNDH) organizaron un di\u00e1logo regional para impulsar una iniciativa de ley que garantice la protecci\u00f3n a defensores e informadores.<\/p>\n\n\n\n<p>No obstante, al evento no asistieron titulares de dichas autoridades, lo cual fue reclamado por panelistas. Incluso el representante del gobernador Alejandro Murat, Enrique Lira, fue interrumpido por asistentes al acto.<\/p>\n\n\n\n<p>Durante su ponencia, el integrante del Consejo Consultivo del Mecanismo de Protecci\u00f3n para Personas Defensoras de Derechos Humanos y Periodistas, Maurilio Santiago Reyes, acus\u00f3 que en Oaxaca se asesinan a comunicadores y activistas con toda impunidad; y asegur\u00f3 que grupos crim\u00ednales tienen \u201cnegocios\u201d con funcionarios.<\/p>\n\n\n\n<p>\u201cCuando se publica una nota o cuando se exige a un defensor un derecho se le desaparece, se le mete a la c\u00e1rcel o simplemente tiene que salir de su estado para proteger su vida, me refiero a esto porque en Oaxaca existen despojos a comunidades, territorio ind\u00edgena, y muchas veces vienen de los grupos de poder enquistados por el gobierno.<\/p>\n\n\n\n<p>\u201cExisten muchas formas de solicitar protecci\u00f3n, hay medidas cautelares otorgadas pero en Oaxaca hay una nulidad de la actuaci\u00f3n de las autoridades y para prueba un bot\u00f3n: en este momento no est\u00e1 el Gobernador del Estado en este acto, es m\u00e1s importante para \u00e9l acudir a Washington, a Nueva York, y no acudir a un evento donde se va proteger la vida de las y los defensores, de las y los periodistas, por eso en Oaxaca se violenta el derecho a la libertad de expresi\u00f3n, por eso en Oaxaca no se respeta el derecho a la vida y la integridad f\u00edsica de las y los defensores\u201d, expres\u00f3.<\/p>\n\n\n\n<p>Frente a los representantes del subsecretario de Derechos Humanos de la Segob, Alejandro Encinas; de la presidenta de la CNDH, Rosario Piedra Ibarra, y del gobernador Murat, Enrique Lira; los activistas coincidieron que Oaxaca es uno de los estados con mayor \u00edndice de agresiones contra periodistas y defensores de derechos humanos.<\/p>\n\n\n\n<p>Ante esto, pidieron revisar qu\u00e9 est\u00e1 fallando antes de realizar una ley nueva. \u201cEstamos a unos d\u00edas del asesinato de H\u00e9ber L\u00f3pez, tambi\u00e9n est\u00e1 desaparecida Irma Galindo, delitos que siguen en la impunidad, por lo que hay que preguntarnos porque necesitamos una nueva ley cuando la actual no ha funcionado ni se ha aplicado en cabalidad\u201d, expres\u00f3 Sara M\u00e9ndez, integrante del Consejo Consultivo del Mecanismo de Protecci\u00f3n.<\/p>\n\n\n\n<p>En su oportunidad, el subsecretario Jur\u00eddico y de Asuntos Religiosos de la Secretar\u00eda de Gobierno de Oaxaca, Juan Enrique Lira, dijo que hay muchos pendientes, pero tambi\u00e9n aciertos, como la organizaci\u00f3n del propio dialogo regional.<\/p>\n\n\n\n<p>Expres\u00f3: \u201cEl gobierno de Alejandro Murat tiene voluntad, compromiso e inter\u00e9s que podamos ir construyendo este tipo de mecanismos\u2026\u201d, pero fue interrumpido. \u2014\u201cTiene conflicto, tiene intereses\u201d\u2014 dijo uno de los asistentes que no se identific\u00f3. \u2014\u201cLe pido respeto\u201d\u2014 revir\u00f3 el funcionario.<\/p>\n\n\n\n<p>\u201cYa nos cansamos de escuchar al gobierno del estado, es una burla que nos hagan sentar para escucharlo, es una falta de respeto\u2026 seguir lastim\u00e1ndonos\u201d, continu\u00f3.<\/p>\n\n\n\n<p>El representante de Murat call\u00f3 y continuaron con otro ponente con la promesa de escuchar a los inconformes en una segunda ronda, la cual no fue transmitida por los canales oficiales.<\/p>\n\n\n\n<p>(Informaci\u00f3n de \u201cMilenio Diario\u201d)<\/p>\n\n\n\n<figure class=\"wp-block-embed\"><div class=\"wp-block-embed__wrapper\">\nhttps:\/\/www.milenio.com\/politica\/activistas-reclaman-desinteres-autoridades-proteccion-periodis\n<\/div><\/figure>\n","protected":false},"excerpt":{"rendered":"<p>Redacci\u00f3n\/Zona Roja Cdmx. Ciudad de M\u00e9xico, 16 de febrero de 2022.- A unos d\u00edas del&hellip;<\/p>\n","protected":false},"author":2,"featured_media":37720,"comment_status":"closed","ping_status":"open","sticky":false,"template":"","format":"standard","meta":{"_lmt_disableupdate":"","_lmt_disable":"","_jetpack_memberships_contains_paid_content":false,"footnotes":""},"categories":[109,47],"tags":[],"class_list":["post-37723","post","type-post","status-publish","format-standard","has-post-thumbnail","hentry","category-minuto-a-minuto","category-zona-gris"],"jetpack_featured_media_url":"https:\/\/zonaroja.com.mx\/wp-content\/uploads\/2022\/02\/Foro-regional-ley-derechos-periodistas-Oaxaca.jpg","jetpack_sharing_enabled":true,"_links":{"self":[{"href":"https:\/\/zonaroja.com.mx\/index.php?rest_route=\/wp\/v2\/posts\/37723","targetHints":{"allow":["GET"]}}],"collection":[{"href":"https:\/\/zonaroja.com.mx\/index.php?rest_route=\/wp\/v2\/posts"}],"about":[{"href":"https:\/\/zonaroja.com.mx\/index.php?rest_route=\/wp\/v2\/types\/post"}],"author":[{"embeddable":true,"href":"https:\/\/zonaroja.com.mx\/index.php?rest_route=\/wp\/v2\/users\/2"}],"replies":[{"embeddable":true,"href":"https:\/\/zonaroja.com.mx\/index.php?rest_route=%2Fwp%2Fv2%2Fcomments&post=37723"}],"version-history":[{"count":1,"href":"https:\/\/zonaroja.com.mx\/index.php?rest_route=\/wp\/v2\/posts\/37723\/revisions"}],"predecessor-version":[{"id":37724,"href":"https:\/\/zonaroja.com.mx\/index.php?rest_route=\/wp\/v2\/posts\/37723\/revisions\/37724"}],"wp:featuredmedia":[{"embeddable":true,"href":"https:\/\/zonaroja.com.mx\/index.php?rest_route=\/wp\/v2\/media\/37720"}],"wp:attachment":[{"href":"https:\/\/zonaroja.com.mx\/index.php?rest_route=%2Fwp%2Fv2%2Fmedia&parent=37723"}],"wp:term":[{"taxonomy":"category","embeddable":true,"href":"https:\/\/zonaroja.com.mx\/index.php?rest_route=%2Fwp%2Fv2%2Fcategories&post=37723"},{"taxonomy":"post_tag","embeddable":true,"href":"https:\/\/zonaroja.com.mx\/index.php?rest_route=%2Fwp%2Fv2%2Ftags&post=37723"}],"curies":[{"name":"wp","href":"https:\/\/api.w.org\/{rel}","templated":true}]}}