{"id":3774,"date":"2019-09-08T15:00:46","date_gmt":"2019-09-08T20:00:46","guid":{"rendered":"http:\/\/www.zonaroja.com.mx\/?p=3774"},"modified":"2019-09-08T15:00:48","modified_gmt":"2019-09-08T20:00:48","slug":"despues-de-tres-meses-aparece-oaxaqueno-secuestrado-en-tamaulipas","status":"publish","type":"post","link":"https:\/\/zonaroja.com.mx\/?p=3774","title":{"rendered":"Despu\u00e9s de tres meses, aparece oaxaque\u00f1o secuestrado en Tamaulipas"},"content":{"rendered":"\n<p>Redacci\u00f3n\/Zona\nRoja.<\/p>\n\n\n\n<p>Oaxaca de\nJu\u00e1rez, Oax., 8 de septiembre de 2019.- Despu\u00e9s de tres meses de que un ind\u00edgena\nmixteco fue secuestrado en Matamoros, Tamaulipas, el pasado 6 de septiembre\nretorn\u00f3 a su tierra. <\/p>\n\n\n\n<p>Se trata de\nNabor Antonio Santiago Santiago, por quien el Centro de Derecho Humanos y\nAsesor\u00eda a Pueblos Ind\u00edgenas A.C. abog\u00f3 y tramit\u00f3 medidas cautelares ante la\nComisi\u00f3n Interamericana de Derechos Humanos (CIDH), misma que fue aprobada.<\/p>\n\n\n\n<p>\u201cLa trata de\npersonas en M\u00e9xico se ha incrementado sobre todo en las fronteras del pa\u00eds\ntanto del norte, como del sur, afectando primordialmente a personas migrantes,\nya sean mexicanos o extranjeros, y sobre todo la poblaci\u00f3n ind\u00edgena.<\/p>\n\n\n\n<p>\u201cPor lo cual\nel gobierno mexicano est\u00e1 obligado por los tratados internacionales a erradicar\neste delito, investigando y sancionado y estableciendo pol\u00edticas p\u00fablicas\u201d,\ndijo Maurilio Santiato Reyes, presidente del Cedhapi.<\/p>\n\n\n\n<p>Manifest\u00f3 su\nbenepl\u00e1cito por la aparici\u00f3n del ind\u00edgena mixteco, quien hab\u00eda ido a los Estados\nUnidos de Norteam\u00e9rica en busca de un mejor futuro; sin embargo, tras ser\ndeportado a Tamaulipas, fue secuestrado por un grupo de la delincuencia\norganizada.<\/p>\n\n\n\n<p>No obstante,\nreproch\u00f3 las deficiencias en M\u00e9xico y en esta entidad para prevenir y sancionar\nel delito como el que fue v\u00edctima Nabor:<\/p>\n\n\n\n<p>\u201cEn Oaxaca\nrecientemente se instal\u00f3 la Comisi\u00f3n Intersecretarial para Prevenir, Combatir y\nSancionar los delitos en Materia de Trata de Personas, pero ha sido solo de\nmembrete, ya que no ha funcionado\u201d, expuso en un comunicado.<\/p>\n\n\n\n<p>El Centro de\nDerecho Humanos y Asesor\u00eda a Pueblos Ind\u00edgenas insisti\u00f3 en la necesidad de\nproteger a las personas de ser v\u00edctimas de trata, tal y como lo plantean\nInstrumentos Nacionales e Internacionales de Derechos Humanos.<\/p>\n\n\n\n<p>Nabor\nAntonio Santiago se present\u00f3 a las oficinas del Cedhapi el pasado 6 de\nseptiembre a narrar su caso y \u00fanicamente expuso que fue liberado por sus\ncaptores, quienes lo secuestraron cuando acud\u00eda a comprar un boleto hacia la\nCiudad de M\u00e9xico.<\/p>\n\n\n\n<p>Fue interceptado\npor unas personas que lo subieron a un veh\u00edculo y lo trasladaron a un lugar\ndesconocido, manteni\u00e9ndolo en cautiverio durante tres meses, oblig\u00e1ndolo a\nefectuar trabajos forzados.<\/p>\n\n\n\n<p>\u201cCelebramos\nla aparici\u00f3n con vida del sobreviviente de trata de personas y agradecemos a la\nComisi\u00f3n Interamericana de Derechos Humanos la emisi\u00f3n oportuna de la medida\ncautelar otorgada.<\/p>\n\n\n\n<p>\u201cLamentamos\nque el gobierno mexicano no haya cumplido con dicha medida cautelar eficazmente\ny que no exista en M\u00e9xico mecanismos de reacci\u00f3n inmediata para proteger a las\nv\u00edctimas de trata de personas\u201d, reforz\u00f3 la organizaci\u00f3n.<\/p>\n","protected":false},"excerpt":{"rendered":"<p>Redacci\u00f3n\/Zona Roja. Oaxaca de Ju\u00e1rez, Oax., 8 de septiembre de 2019.- Despu\u00e9s de tres meses&hellip;<\/p>\n","protected":false},"author":2,"featured_media":3775,"comment_status":"closed","ping_status":"open","sticky":false,"template":"","format":"standard","meta":{"_lmt_disableupdate":"","_lmt_disable":"","_jetpack_memberships_contains_paid_content":false,"footnotes":""},"categories":[109,47],"tags":[230,684],"class_list":["post-3774","post","type-post","status-publish","format-standard","has-post-thumbnail","hentry","category-minuto-a-minuto","category-zona-gris","tag-cedhapi","tag-matamoros"],"jetpack_featured_media_url":"https:\/\/zonaroja.com.mx\/wp-content\/uploads\/2019\/09\/Nabor-Antonio-CEDHAPI.jpg","jetpack_sharing_enabled":true,"_links":{"self":[{"href":"https:\/\/zonaroja.com.mx\/index.php?rest_route=\/wp\/v2\/posts\/3774","targetHints":{"allow":["GET"]}}],"collection":[{"href":"https:\/\/zonaroja.com.mx\/index.php?rest_route=\/wp\/v2\/posts"}],"about":[{"href":"https:\/\/zonaroja.com.mx\/index.php?rest_route=\/wp\/v2\/types\/post"}],"author":[{"embeddable":true,"href":"https:\/\/zonaroja.com.mx\/index.php?rest_route=\/wp\/v2\/users\/2"}],"replies":[{"embeddable":true,"href":"https:\/\/zonaroja.com.mx\/index.php?rest_route=%2Fwp%2Fv2%2Fcomments&post=3774"}],"version-history":[{"count":1,"href":"https:\/\/zonaroja.com.mx\/index.php?rest_route=\/wp\/v2\/posts\/3774\/revisions"}],"predecessor-version":[{"id":3776,"href":"https:\/\/zonaroja.com.mx\/index.php?rest_route=\/wp\/v2\/posts\/3774\/revisions\/3776"}],"wp:featuredmedia":[{"embeddable":true,"href":"https:\/\/zonaroja.com.mx\/index.php?rest_route=\/wp\/v2\/media\/3775"}],"wp:attachment":[{"href":"https:\/\/zonaroja.com.mx\/index.php?rest_route=%2Fwp%2Fv2%2Fmedia&parent=3774"}],"wp:term":[{"taxonomy":"category","embeddable":true,"href":"https:\/\/zonaroja.com.mx\/index.php?rest_route=%2Fwp%2Fv2%2Fcategories&post=3774"},{"taxonomy":"post_tag","embeddable":true,"href":"https:\/\/zonaroja.com.mx\/index.php?rest_route=%2Fwp%2Fv2%2Ftags&post=3774"}],"curies":[{"name":"wp","href":"https:\/\/api.w.org\/{rel}","templated":true}]}}