{"id":37742,"date":"2022-02-17T22:29:23","date_gmt":"2022-02-18T04:29:23","guid":{"rendered":"http:\/\/www.zonaroja.com.mx\/?p=37742"},"modified":"2022-02-17T22:29:26","modified_gmt":"2022-02-18T04:29:26","slug":"descartan-feminicidio-en-caso-de-adulta-mayor-de-eloxochitlan","status":"publish","type":"post","link":"https:\/\/zonaroja.com.mx\/?p=37742","title":{"rendered":"Descartan feminicidio en caso de adulta mayor de Eloxochitl\u00e1n"},"content":{"rendered":"\n<p>Redacci\u00f3n\/Zona Roja.<\/p>\n\n\n\n<p>Oaxaca de Ju\u00e1rez, Oax., 17 de febrero de 2022.- Tras reportarse la muerte de una mujer que en vida respondi\u00f3 al nombre A. V. (\u00c1ngeles), en Eloxochitl\u00e1n de Flores Mag\u00f3n, la Fiscal\u00eda General del Estado de Oaxaca (FGEO) \u2013a trav\u00e9s de la Vicefiscal\u00eda General de Control Regional- inici\u00f3 la investigaci\u00f3n bajo el Protocolo Ministerial, Policial y Pericial del Delito de Feminicidio en el Estado de Oaxaca, a fin de deslindar responsabilidades.<\/p>\n\n\n\n<p>De acuerdo con la carpeta de investigaci\u00f3n 50\/99\/FNSC\/HUAUTLA\/2022, el 14 de febrero de 2022 se report\u00f3 el fallecimiento de quien en vida respondi\u00f3 al nombre A. V., cuyo cuerpo se encontraba al interior de su domicilio, ubicado en la poblaci\u00f3n de Agua Colorada, perteneciente al municipio de Eloxochitl\u00e1n de Flores Mag\u00f3n, en la regi\u00f3n de la Ca\u00f1ada.<\/p>\n\n\n\n<p>Al lugar de los hechos se traslad\u00f3 personal de la Fiscal\u00eda General, a trav\u00e9s de la Agencia Estatal de Investigaciones, as\u00ed como Peritos y Agentes del Ministerio P\u00fablico, quienes ordenaron el levantamiento del cad\u00e1ver para iniciar con las diligencias, conforme lo marca la ley.<\/p>\n\n\n\n<p>Como resultado de los estudios llevados a cabo por personal del Instituto de Servicios Periciales, el 15 de febrero del presente a\u00f1o, la necropsia determin\u00f3 que la causa de muerte de la mujer fue por infarto agudo al miocardio. Cabe mencionar que el cuerpo de la persona no present\u00f3 lesiones visibles o externas.<\/p>\n\n\n\n<p>La Fiscal\u00eda General compromete investigaciones exhaustivas, a fin de garantizar justicia plena a las v\u00edctimas.<\/p>\n\n\n\n<p>(comunicado)<\/p>\n","protected":false},"excerpt":{"rendered":"<p>Redacci\u00f3n\/Zona Roja. Oaxaca de Ju\u00e1rez, Oax., 17 de febrero de 2022.- Tras reportarse la muerte&hellip;<\/p>\n","protected":false},"author":2,"featured_media":37686,"comment_status":"closed","ping_status":"open","sticky":false,"template":"","format":"standard","meta":{"_lmt_disableupdate":"","_lmt_disable":"","_jetpack_memberships_contains_paid_content":false,"footnotes":""},"categories":[109,47],"tags":[719],"class_list":["post-37742","post","type-post","status-publish","format-standard","has-post-thumbnail","hentry","category-minuto-a-minuto","category-zona-gris","tag-eloxochitlan-de-flores-magon"],"jetpack_featured_media_url":"https:\/\/zonaroja.com.mx\/wp-content\/uploads\/2022\/02\/Mujer-Eloxochitlan-feminicidio.jpg","jetpack_sharing_enabled":true,"_links":{"self":[{"href":"https:\/\/zonaroja.com.mx\/index.php?rest_route=\/wp\/v2\/posts\/37742","targetHints":{"allow":["GET"]}}],"collection":[{"href":"https:\/\/zonaroja.com.mx\/index.php?rest_route=\/wp\/v2\/posts"}],"about":[{"href":"https:\/\/zonaroja.com.mx\/index.php?rest_route=\/wp\/v2\/types\/post"}],"author":[{"embeddable":true,"href":"https:\/\/zonaroja.com.mx\/index.php?rest_route=\/wp\/v2\/users\/2"}],"replies":[{"embeddable":true,"href":"https:\/\/zonaroja.com.mx\/index.php?rest_route=%2Fwp%2Fv2%2Fcomments&post=37742"}],"version-history":[{"count":1,"href":"https:\/\/zonaroja.com.mx\/index.php?rest_route=\/wp\/v2\/posts\/37742\/revisions"}],"predecessor-version":[{"id":37743,"href":"https:\/\/zonaroja.com.mx\/index.php?rest_route=\/wp\/v2\/posts\/37742\/revisions\/37743"}],"wp:featuredmedia":[{"embeddable":true,"href":"https:\/\/zonaroja.com.mx\/index.php?rest_route=\/wp\/v2\/media\/37686"}],"wp:attachment":[{"href":"https:\/\/zonaroja.com.mx\/index.php?rest_route=%2Fwp%2Fv2%2Fmedia&parent=37742"}],"wp:term":[{"taxonomy":"category","embeddable":true,"href":"https:\/\/zonaroja.com.mx\/index.php?rest_route=%2Fwp%2Fv2%2Fcategories&post=37742"},{"taxonomy":"post_tag","embeddable":true,"href":"https:\/\/zonaroja.com.mx\/index.php?rest_route=%2Fwp%2Fv2%2Ftags&post=37742"}],"curies":[{"name":"wp","href":"https:\/\/api.w.org\/{rel}","templated":true}]}}