{"id":37747,"date":"2022-02-18T07:40:07","date_gmt":"2022-02-18T13:40:07","guid":{"rendered":"http:\/\/www.zonaroja.com.mx\/?p=37747"},"modified":"2022-02-18T07:40:09","modified_gmt":"2022-02-18T13:40:09","slug":"incesante-violencia-en-el-istmo-ejecutan-a-juchiteco-en-tehuantepec","status":"publish","type":"post","link":"https:\/\/zonaroja.com.mx\/?p=37747","title":{"rendered":"Incesante violencia en el Istmo: ejecutan a juchiteco en Tehuantepec"},"content":{"rendered":"\n<p>Ismael Garc\u00eda M.\/Zona Roja.<\/p>\n\n\n\n<p>Oaxaca de Ju\u00e1rez, oax., 18 de febrero de 2022.- A m\u00e1s de una semana en que autoridades estatales y federales anunciaron el \u201cblindaje\u201d de seguridad en la regi\u00f3n del Istmo, la violencia crece.<\/p>\n\n\n\n<p>Anoche, un individuo originario de Juchit\u00e1n de Zaragoza, fue atacado a balazos en la agencia de San Luis Rey, del municipio de Santo Domingo Tehuantepec, gobernado por la morenista Vilma Mart\u00ednez Cort\u00e9s, en segundo trienio.<\/p>\n\n\n\n<p>El hoy occiso fue identificado como el comerciante Jos\u00e9 Alfredo Jim\u00e9nez Valdivieso, de aproximadamente 35 a\u00f1os de edad, originario de Juchit\u00e1n y quien hab\u00eda acudido a visitar a sus familiares, cuando fue agredido con disparos de arma de fuego, a un costado de una cancha deportiva.<\/p>\n\n\n\n<p>El individuo perdi\u00f3 la vida al instante y hasta el momento se ignora el m\u00f3vil del crimen, al igual que la identidad del o los presuntos responsables de la probable ejecuci\u00f3n.<\/p>\n","protected":false},"excerpt":{"rendered":"<p>Ismael Garc\u00eda M.\/Zona Roja. Oaxaca de Ju\u00e1rez, oax., 18 de febrero de 2022.- A m\u00e1s&hellip;<\/p>\n","protected":false},"author":2,"featured_media":30407,"comment_status":"closed","ping_status":"open","sticky":false,"template":"","format":"standard","meta":{"_lmt_disableupdate":"","_lmt_disable":"","_jetpack_memberships_contains_paid_content":false,"footnotes":""},"categories":[109,51],"tags":[125],"class_list":["post-37747","post","type-post","status-publish","format-standard","has-post-thumbnail","hentry","category-minuto-a-minuto","category-zona-roja","tag-santo-domingo-tehuantepec"],"jetpack_featured_media_url":"https:\/\/zonaroja.com.mx\/wp-content\/uploads\/2021\/08\/Escena-del-crimen-homicidio-violencia.jpg","jetpack_sharing_enabled":true,"_links":{"self":[{"href":"https:\/\/zonaroja.com.mx\/index.php?rest_route=\/wp\/v2\/posts\/37747","targetHints":{"allow":["GET"]}}],"collection":[{"href":"https:\/\/zonaroja.com.mx\/index.php?rest_route=\/wp\/v2\/posts"}],"about":[{"href":"https:\/\/zonaroja.com.mx\/index.php?rest_route=\/wp\/v2\/types\/post"}],"author":[{"embeddable":true,"href":"https:\/\/zonaroja.com.mx\/index.php?rest_route=\/wp\/v2\/users\/2"}],"replies":[{"embeddable":true,"href":"https:\/\/zonaroja.com.mx\/index.php?rest_route=%2Fwp%2Fv2%2Fcomments&post=37747"}],"version-history":[{"count":1,"href":"https:\/\/zonaroja.com.mx\/index.php?rest_route=\/wp\/v2\/posts\/37747\/revisions"}],"predecessor-version":[{"id":37748,"href":"https:\/\/zonaroja.com.mx\/index.php?rest_route=\/wp\/v2\/posts\/37747\/revisions\/37748"}],"wp:featuredmedia":[{"embeddable":true,"href":"https:\/\/zonaroja.com.mx\/index.php?rest_route=\/wp\/v2\/media\/30407"}],"wp:attachment":[{"href":"https:\/\/zonaroja.com.mx\/index.php?rest_route=%2Fwp%2Fv2%2Fmedia&parent=37747"}],"wp:term":[{"taxonomy":"category","embeddable":true,"href":"https:\/\/zonaroja.com.mx\/index.php?rest_route=%2Fwp%2Fv2%2Fcategories&post=37747"},{"taxonomy":"post_tag","embeddable":true,"href":"https:\/\/zonaroja.com.mx\/index.php?rest_route=%2Fwp%2Fv2%2Ftags&post=37747"}],"curies":[{"name":"wp","href":"https:\/\/api.w.org\/{rel}","templated":true}]}}