{"id":37755,"date":"2022-02-18T08:24:39","date_gmt":"2022-02-18T14:24:39","guid":{"rendered":"http:\/\/www.zonaroja.com.mx\/?p=37755"},"modified":"2022-02-18T08:33:55","modified_gmt":"2022-02-18T14:33:55","slug":"rebasa-delincuencia-a-martinez-neri-en-oaxaca-capital","status":"publish","type":"post","link":"https:\/\/zonaroja.com.mx\/?p=37755","title":{"rendered":"Rebasa delincuencia a Mart\u00ednez Neri en Oaxaca capital"},"content":{"rendered":"\n<p>Ismael Garc\u00eda M.\/Zona Roja.<\/p>\n\n\n\n<p>Oaxaca de Ju\u00e1rez, Oax., 18 de febrero de 2022.- La violencia se sali\u00f3 del control del gobierno de Francisco Mart\u00ednez Neri en el municipio de Oaxaca de Ju\u00e1rez.<\/p>\n\n\n\n<p>Por segundo d\u00eda consecutivo se registraron ataques armados y anoche le ocurri\u00f3 a un automovilista, en la carretera al cerro del \u201cFort\u00edn\u201d, a la altura del acceso al auditorio \u201cGuelaguetza\u201d.<\/p>\n\n\n\n<p>Sujetos armados dispararon a una familia que viajaba en un coche color blanco, marca Ford, tipo Focus, y lesionaron a Mart\u00edn Desiderio, de 27 a\u00f1os de edad, quien recibi\u00f3 el disparo en la nuca.<\/p>\n\n\n\n<p>Familiares y param\u00e9dicos lo auxiliaron y trasladaron a un hospital de la capital, donde lo reportan grave de salud; no hay personas detenidas.<\/p>\n\n\n\n<p>Ayer jueves por la tarde, en la colonia Reforma de la ciudad, fue robado con violencia un coche tipo Jetta, marca Volkswagen, con placas de circulaci\u00f3n TPL-9485; los propietarios piden proporcionar cualquier informaci\u00f3n al n\u00famero telef\u00f3nico 9511802217.<\/p>\n\n\n\n<figure class=\"wp-block-embed is-type-rich is-provider-twitter wp-block-embed-twitter\"><div class=\"wp-block-embed__wrapper\">\n<div class=\"twitter-tweet\"><blockquote class=\"twitter-tweet\" data-lang=\"es\"><p lang=\"es\" dir=\"ltr\"><a href=\"https:\/\/twitter.com\/hashtag\/OaxacaRojo?src=hash&amp;ref_src=twsrc%5Etfw\">#OaxacaRojo<\/a><br>In\u00e9dita y grave violencia en el gobierno del edil <a href=\"https:\/\/twitter.com\/FMartinezNeri?ref_src=twsrc%5Etfw\">@FMartinezNeri<\/a>.<br>Anoche, sujetos desconocidos balearon a un automovilista que viajaba con su familia, en la carretera al cerro del \u201cFort\u00edn\u201d, ciudad de <a href=\"https:\/\/twitter.com\/hashtag\/Oaxaca?src=hash&amp;ref_src=twsrc%5Etfw\">#Oaxaca<\/a>.<br>Fue trasladado herido a un hospital. <a href=\"https:\/\/t.co\/lPH1x9KDDs\">pic.twitter.com\/lPH1x9KDDs<\/a><\/p>&mdash; Zona Roja Oaxaca (@ZonaRoja_Oaxaca) <a href=\"https:\/\/twitter.com\/ZonaRoja_Oaxaca\/status\/1494663563784372225?ref_src=twsrc%5Etfw\">18 de febrero de 2022<\/a><\/blockquote><\/div>\n<\/div><\/figure>\n\n\n\n<p>La v\u00edspera, la noche del mi\u00e9rcoles, una mujer fue atacada a balazos en el rostro, mientras un masculino recibi\u00f3 cuatro balazos en la zona del Mercado de Abasto y otro hombre fue lesionado a machetazos; en ninguno de los casos hubo personas detenidas.<\/p>\n\n\n\n<p>A las 19:45 horas de esa fecha, las corporaciones polic\u00edacas fueron alertadas que Jazm\u00edn o Liliana A., de 21 a\u00f1os de edad, fue atacada a balazos en la calle de La Luna del barrio del Ex Marquezado, pero al no llegar la polic\u00eda y una unidad m\u00e9dica, una amiga decidi\u00f3 trasladarla al hospital.<\/p>\n\n\n\n<p>En la Cruz Roja, los rescatistas atendieron a Liliana y confirmaron que presentaba un impacto de arma de fuego en el p\u00f3mulo derecho y sin salida la bala, siendo trasladada de emergencia al hospital civil de la ciudad, donde qued\u00f3 encamada grave.<\/p>\n\n\n\n<p>A las 20;30 horas Eliel G., de 24 a\u00f1os de edad, originario de Cuil\u00e0pam de Guerrero fue atacado a balazos en la Prolongaci\u00f3n de Trujano de la ciudad capital y recibi\u00f3 cuatro balazos.<\/p>\n\n\n\n<p>Los elementos polic\u00edacos arribaron y hallaron cuatro casquillos percutidos, en tanto los integrantes del Cuerpo de Bomberos auxiliaron al lesionado y lo trasladaron al Hospital Civil de la ciudad capital.<\/p>\n\n\n\n<p>A las 21:45 horas, Diego, fue atacado a machetazos en la prolongaci\u00f3n de Trujano, cerca de donde la persona fue baleada. Personal param\u00e9dico acudi\u00f3 al lugar para atender al lesionado y quien fue trasladado a un hospital de la ciudad.<\/p>\n\n\n\n<p>Se inform\u00f3 que los responsables fueron taxistas, pero no se report\u00f3 la detenci\u00f3n de los responsables, como en los otros dos casos.<\/p>\n\n\n\n<figure class=\"wp-block-image size-full\"><a href=\"http:\/\/www.zonaroja.com.mx\/wp-content\/uploads\/2022\/02\/Violencia-ciudad-de-Oaxaca.jpg\" data-rel=\"penci-gallery-image-content\" ><img decoding=\"async\" width=\"720\" height=\"421\" src=\"http:\/\/www.zonaroja.com.mx\/wp-content\/uploads\/2022\/02\/Violencia-ciudad-de-Oaxaca.jpg\" alt=\"\" class=\"wp-image-37756\" srcset=\"https:\/\/zonaroja.com.mx\/wp-content\/uploads\/2022\/02\/Violencia-ciudad-de-Oaxaca.jpg 720w, https:\/\/zonaroja.com.mx\/wp-content\/uploads\/2022\/02\/Violencia-ciudad-de-Oaxaca-300x175.jpg 300w, https:\/\/zonaroja.com.mx\/wp-content\/uploads\/2022\/02\/Violencia-ciudad-de-Oaxaca-585x342.jpg 585w\" sizes=\"(max-width: 720px) 100vw, 720px\" \/><\/a><\/figure>\n","protected":false},"excerpt":{"rendered":"<p>Ismael Garc\u00eda M.\/Zona Roja. Oaxaca de Ju\u00e1rez, Oax., 18 de febrero de 2022.- La violencia&hellip;<\/p>\n","protected":false},"author":2,"featured_media":37765,"comment_status":"closed","ping_status":"open","sticky":false,"template":"","format":"standard","meta":{"_lmt_disableupdate":"","_lmt_disable":"","_jetpack_memberships_contains_paid_content":false,"footnotes":""},"categories":[109,51],"tags":[148],"class_list":["post-37755","post","type-post","status-publish","format-standard","has-post-thumbnail","hentry","category-minuto-a-minuto","category-zona-roja","tag-oaxaca-de-juarez"],"jetpack_featured_media_url":"https:\/\/zonaroja.com.mx\/wp-content\/uploads\/2022\/02\/Atacado-a-balazos-ciudad-de-Oaxaca.jpg","jetpack_sharing_enabled":true,"_links":{"self":[{"href":"https:\/\/zonaroja.com.mx\/index.php?rest_route=\/wp\/v2\/posts\/37755","targetHints":{"allow":["GET"]}}],"collection":[{"href":"https:\/\/zonaroja.com.mx\/index.php?rest_route=\/wp\/v2\/posts"}],"about":[{"href":"https:\/\/zonaroja.com.mx\/index.php?rest_route=\/wp\/v2\/types\/post"}],"author":[{"embeddable":true,"href":"https:\/\/zonaroja.com.mx\/index.php?rest_route=\/wp\/v2\/users\/2"}],"replies":[{"embeddable":true,"href":"https:\/\/zonaroja.com.mx\/index.php?rest_route=%2Fwp%2Fv2%2Fcomments&post=37755"}],"version-history":[{"count":2,"href":"https:\/\/zonaroja.com.mx\/index.php?rest_route=\/wp\/v2\/posts\/37755\/revisions"}],"predecessor-version":[{"id":37766,"href":"https:\/\/zonaroja.com.mx\/index.php?rest_route=\/wp\/v2\/posts\/37755\/revisions\/37766"}],"wp:featuredmedia":[{"embeddable":true,"href":"https:\/\/zonaroja.com.mx\/index.php?rest_route=\/wp\/v2\/media\/37765"}],"wp:attachment":[{"href":"https:\/\/zonaroja.com.mx\/index.php?rest_route=%2Fwp%2Fv2%2Fmedia&parent=37755"}],"wp:term":[{"taxonomy":"category","embeddable":true,"href":"https:\/\/zonaroja.com.mx\/index.php?rest_route=%2Fwp%2Fv2%2Fcategories&post=37755"},{"taxonomy":"post_tag","embeddable":true,"href":"https:\/\/zonaroja.com.mx\/index.php?rest_route=%2Fwp%2Fv2%2Ftags&post=37755"}],"curies":[{"name":"wp","href":"https:\/\/api.w.org\/{rel}","templated":true}]}}