{"id":37758,"date":"2022-02-18T08:26:18","date_gmt":"2022-02-18T14:26:18","guid":{"rendered":"http:\/\/www.zonaroja.com.mx\/?p=37758"},"modified":"2022-02-18T08:26:20","modified_gmt":"2022-02-18T14:26:20","slug":"oaxaca-sube-en-desocupacion-laboral-al-cierre-de-2021-y-encabeza-informalidad-en-mexico","status":"publish","type":"post","link":"https:\/\/zonaroja.com.mx\/?p=37758","title":{"rendered":"Oaxaca sube en desocupaci\u00f3n laboral al cierre de 2021 y encabeza informalidad en M\u00e9xico"},"content":{"rendered":"\n<p>Yuridiana Sosa\/Zona Roja.<\/p>\n\n\n\n<p>Oaxaca de Ju\u00e1rez, Oax., 18 de febrero de 2022.- La informalidad laboral sigue siendo la v\u00eda de empleo en Oaxaca, que al cierre del 2021 se coron\u00f3 como la entidad con la tasa m\u00e1s alta de M\u00e9xico con 81.8 por ciento.<\/p>\n\n\n\n<p>As\u00ed lo revel\u00f3 la Encuesta Nacional de Ocupaci\u00f3n y Empleo, Nueva Edici\u00f3n (ENOEN) con resultados del cuarto trimestre de 2021, donde tambi\u00e9n destac\u00f3 que la desocupaci\u00f3n creci\u00f3 y que la capital oaxaque\u00f1a tambi\u00e9n se encuentra entre las ciudades con el \u00edndice m\u00e1s alto de ocupaci\u00f3n en la informalidad.<\/p>\n\n\n\n<p>En el \u00edndice de la Poblaci\u00f3n Econ\u00f3micamente Activa, el reporte del Instituto Nacional de Geograf\u00eda (Inegi) indic\u00f3 que la proporci\u00f3n de ocupados fue mayor en Guerrero con 98.6 por ciento, seguido de Oaxaca con 98.5 por ciento y Baja California con el 98 por ciento.<\/p>\n\n\n\n<p>La Poblaci\u00f3n Econ\u00f3micamente Activa (PEA) pas\u00f3 de un mill\u00f3n 896 mil que se registr\u00f3 en ese mismo periodo en 2020 a un mill\u00f3n 854 mil en el 2021; as\u00ed como que la tasa de participaci\u00f3n econ\u00f3mica fue de 59 por ciento de la poblaci\u00f3n en edad para trabajar, lo representa 2.4 puntos porcentuales menos que en 2020.<\/p>\n\n\n\n<p>El estudio al cierre del a\u00f1o tambi\u00e9n dio a conocer que la Poblaci\u00f3n No Econ\u00f3micamente Activa (PNEA) fue de 1.3 millones de personas, cifra superior en 99 mil personas en comparaci\u00f3n al periodo del 2020.<\/p>\n\n\n\n<p>Los trabajadores subordinados y remunerados disminuyeron en 88 mil y los trabajadores por cuenta propia aumentaron en 55 mil personas.<\/p>\n\n\n\n<p>Respecto a las estad\u00edsticas en Oaxaca de Ju\u00e1rez, el ENOEN apunt\u00f3 que las ciudades con la mayor tasa de subocupaci\u00f3n fueron Ciudad del Carmen, Campeche con 29 por ciento; Coatzacoalcos, Veracruz, en 22.5 por ciento y Oaxaca, Oaxaca con 18.9 por ciento.<\/p>\n\n\n\n<p>En el \u00edndice de las ciudades con los niveles m\u00e1s altos de ocupaci\u00f3n en la informalidad fueron Tlaxcala, con 67.5 por ciento; Acapulco, en 62.5 por ciento y Oaxaca con 60.2 por ciento.<\/p>\n\n\n\n<p>EN LO NACIONAL<\/p>\n\n\n\n<p>La Poblaci\u00f3n Econ\u00f3micamente Activa (PEA) de M\u00e9xico fue de 58.8 millones de personas, cifra que creci\u00f3 en 3.1 millones respecto a la registrada en el cuarto trimestre de 2020.<\/p>\n\n\n\n<p>El alza se registr\u00f3 en los sectores de restaurantes y servicios de alojamiento, en servicios profesionales, financieros y corporativos y en la industria manufacturera.<\/p>\n\n\n\n<p>Tambi\u00e9n a nivel nacional el n\u00famero de las personas ocupadas en micronegocios increment\u00f3 en 1.8 millones, en los peque\u00f1os establecimientos 611 mil y en los grandes establecimientos 436 mil.<\/p>\n","protected":false},"excerpt":{"rendered":"<p>Yuridiana Sosa\/Zona Roja. Oaxaca de Ju\u00e1rez, Oax., 18 de febrero de 2022.- La informalidad laboral&hellip;<\/p>\n","protected":false},"author":2,"featured_media":37753,"comment_status":"closed","ping_status":"open","sticky":false,"template":"","format":"standard","meta":{"_lmt_disableupdate":"","_lmt_disable":"","_jetpack_memberships_contains_paid_content":false,"footnotes":""},"categories":[109,47],"tags":[2106],"class_list":["post-37758","post","type-post","status-publish","format-standard","has-post-thumbnail","hentry","category-minuto-a-minuto","category-zona-gris","tag-ambulantes-triquis-ciudad-de-oaxaca"],"jetpack_featured_media_url":"https:\/\/zonaroja.com.mx\/wp-content\/uploads\/2022\/02\/Ambulantes-ciudad-de-Oaxaca.jpg","jetpack_sharing_enabled":true,"_links":{"self":[{"href":"https:\/\/zonaroja.com.mx\/index.php?rest_route=\/wp\/v2\/posts\/37758","targetHints":{"allow":["GET"]}}],"collection":[{"href":"https:\/\/zonaroja.com.mx\/index.php?rest_route=\/wp\/v2\/posts"}],"about":[{"href":"https:\/\/zonaroja.com.mx\/index.php?rest_route=\/wp\/v2\/types\/post"}],"author":[{"embeddable":true,"href":"https:\/\/zonaroja.com.mx\/index.php?rest_route=\/wp\/v2\/users\/2"}],"replies":[{"embeddable":true,"href":"https:\/\/zonaroja.com.mx\/index.php?rest_route=%2Fwp%2Fv2%2Fcomments&post=37758"}],"version-history":[{"count":1,"href":"https:\/\/zonaroja.com.mx\/index.php?rest_route=\/wp\/v2\/posts\/37758\/revisions"}],"predecessor-version":[{"id":37759,"href":"https:\/\/zonaroja.com.mx\/index.php?rest_route=\/wp\/v2\/posts\/37758\/revisions\/37759"}],"wp:featuredmedia":[{"embeddable":true,"href":"https:\/\/zonaroja.com.mx\/index.php?rest_route=\/wp\/v2\/media\/37753"}],"wp:attachment":[{"href":"https:\/\/zonaroja.com.mx\/index.php?rest_route=%2Fwp%2Fv2%2Fmedia&parent=37758"}],"wp:term":[{"taxonomy":"category","embeddable":true,"href":"https:\/\/zonaroja.com.mx\/index.php?rest_route=%2Fwp%2Fv2%2Fcategories&post=37758"},{"taxonomy":"post_tag","embeddable":true,"href":"https:\/\/zonaroja.com.mx\/index.php?rest_route=%2Fwp%2Fv2%2Ftags&post=37758"}],"curies":[{"name":"wp","href":"https:\/\/api.w.org\/{rel}","templated":true}]}}