{"id":37762,"date":"2022-02-18T08:30:00","date_gmt":"2022-02-18T14:30:00","guid":{"rendered":"http:\/\/www.zonaroja.com.mx\/?p=37762"},"modified":"2022-02-18T08:30:02","modified_gmt":"2022-02-18T14:30:02","slug":"analizan-facultar-al-congreso-para-remover-al-fiscal-general-de-oaxaca","status":"publish","type":"post","link":"https:\/\/zonaroja.com.mx\/?p=37762","title":{"rendered":"Analizan facultar al Congreso para remover al fiscal general de Oaxaca"},"content":{"rendered":"\n<p>Redacci\u00f3n\/Zona Roja.<\/p>\n\n\n\n<p>Oaxaca de Ju\u00e1rez, Oax. 17 de febrero de 2022.- Las y los integrantes de la 65 Legislatura del Estado de Oaxaca estudian la propuesta de reformar la Constituci\u00f3n local para facultar al Poder Legislativo de remover a los fiscales estatales.<\/p>\n\n\n\n<p>Actualmente, el Congreso \u00fanicamente puede designar a los representantes de la Fiscal\u00eda General del Estado de Oaxaca (FGEO), la Fiscal\u00eda Especializada en Delitos Electorales y al de la Fiscal\u00eda Especializada en Materia de Combate a la Corrupci\u00f3n.<\/p>\n\n\n\n<p>Por lo que se propuso, que en caso de ser necesario, se puedan remover a los citados servidores p\u00fablicos por causales de responsabilidad a fin de garantizar la impartici\u00f3n de justicia.<\/p>\n\n\n\n<p>Se adicionar\u00eda tambi\u00e9n a las facultades del Legislativo que en caso de que el Ejecutivo no env\u00ede la terna de candidatos para ocupar este puesto, el Congreso tendr\u00eda 10 d\u00edas para la designaci\u00f3n de los funcionarios.<\/p>\n\n\n\n<p>Esta propuesta de la legisladora Yesenia Nolasco Ram\u00edrez busca terminar con la impunidad.<\/p>\n\n\n\n<p>\u201cEn un estado donde impera la desigualdad y la impunidad, pretender seguir teniendo una Fiscal\u00eda sin autonom\u00eda frente al Ejecutivo es seguir reproduciendo la falta de resultados en la investigaci\u00f3n de delitos, la simulaci\u00f3n, los excesos y las violaciones a los derechos humanos\u201d, argument\u00f3.<\/p>\n\n\n\n<p>La iniciativa fue turnada para su estudio y dictamen a la Comisi\u00f3n Permanente de Estudios Constitucionales.<\/p>\n","protected":false},"excerpt":{"rendered":"<p>Redacci\u00f3n\/Zona Roja. Oaxaca de Ju\u00e1rez, Oax. 17 de febrero de 2022.- Las y los integrantes&hellip;<\/p>\n","protected":false},"author":2,"featured_media":34910,"comment_status":"closed","ping_status":"open","sticky":false,"template":"","format":"standard","meta":{"_lmt_disableupdate":"","_lmt_disable":"","_jetpack_memberships_contains_paid_content":false,"footnotes":""},"categories":[109,46],"tags":[2743],"class_list":["post-37762","post","type-post","status-publish","format-standard","has-post-thumbnail","hentry","category-minuto-a-minuto","category-zona-blanca","tag-65-legislatura-del-estado-de-oaxaca"],"jetpack_featured_media_url":"https:\/\/zonaroja.com.mx\/wp-content\/uploads\/2021\/12\/Congreso-del-Estado-de-Oax.jpg","jetpack_sharing_enabled":true,"_links":{"self":[{"href":"https:\/\/zonaroja.com.mx\/index.php?rest_route=\/wp\/v2\/posts\/37762","targetHints":{"allow":["GET"]}}],"collection":[{"href":"https:\/\/zonaroja.com.mx\/index.php?rest_route=\/wp\/v2\/posts"}],"about":[{"href":"https:\/\/zonaroja.com.mx\/index.php?rest_route=\/wp\/v2\/types\/post"}],"author":[{"embeddable":true,"href":"https:\/\/zonaroja.com.mx\/index.php?rest_route=\/wp\/v2\/users\/2"}],"replies":[{"embeddable":true,"href":"https:\/\/zonaroja.com.mx\/index.php?rest_route=%2Fwp%2Fv2%2Fcomments&post=37762"}],"version-history":[{"count":1,"href":"https:\/\/zonaroja.com.mx\/index.php?rest_route=\/wp\/v2\/posts\/37762\/revisions"}],"predecessor-version":[{"id":37763,"href":"https:\/\/zonaroja.com.mx\/index.php?rest_route=\/wp\/v2\/posts\/37762\/revisions\/37763"}],"wp:featuredmedia":[{"embeddable":true,"href":"https:\/\/zonaroja.com.mx\/index.php?rest_route=\/wp\/v2\/media\/34910"}],"wp:attachment":[{"href":"https:\/\/zonaroja.com.mx\/index.php?rest_route=%2Fwp%2Fv2%2Fmedia&parent=37762"}],"wp:term":[{"taxonomy":"category","embeddable":true,"href":"https:\/\/zonaroja.com.mx\/index.php?rest_route=%2Fwp%2Fv2%2Fcategories&post=37762"},{"taxonomy":"post_tag","embeddable":true,"href":"https:\/\/zonaroja.com.mx\/index.php?rest_route=%2Fwp%2Fv2%2Ftags&post=37762"}],"curies":[{"name":"wp","href":"https:\/\/api.w.org\/{rel}","templated":true}]}}