{"id":37767,"date":"2022-02-18T16:54:28","date_gmt":"2022-02-18T22:54:28","guid":{"rendered":"http:\/\/www.zonaroja.com.mx\/?p=37767"},"modified":"2022-02-18T16:54:31","modified_gmt":"2022-02-18T22:54:31","slug":"vincula-juez-a-proceso-a-los-dos-probables-asesinos-de-periodista-de-oaxaca","status":"publish","type":"post","link":"https:\/\/zonaroja.com.mx\/?p=37767","title":{"rendered":"Vincula juez a proceso a los dos probables asesinos de periodista de Oaxaca"},"content":{"rendered":"\n<p>Redacci\u00f3n\/Zona Roja.<\/p>\n\n\n\n<p>Oaxaca de Ju\u00e1rez, Oax., 18 de febrero de 2022.- La Fiscal\u00eda General del Estado de Oaxaca (FGEO) obtuvo auto de vinculaci\u00f3n a proceso contra dos hombres identificados como R. G. R., y R. E. C., se\u00f1alados como probables responsables del delito de homicidio calificado en agravio de quien en vida respondiera al nombre de H. F. L. V. (periodista H\u00e9ber L\u00f3pez), hechos que sucedieron en el puerto de Salina Cruz, en la regi\u00f3n del Istmo de Tehuantepec.<\/p>\n\n\n\n<p>La Polic\u00eda Municipal detuvo en flagrancia a los dos probables homicidas, quienes fueron presentados de forma inmediata ante la autoridad judicial.<\/p>\n\n\n\n<p>De acuerdo con la Carpeta de Investigaci\u00f3n 4748\/FIST\/SALINA\/2022, los hechos ocurrieron el 10 de febrero de 2022, en el Barrio El Espinal del municipio de Salina Cruz, cuando los probables responsables interceptaron a la v\u00edctima y le dispararon cuando ingresaba a un domicilio. Cabe mencionar que las heridas infligidas le provocaron la muerte a H. F. L. V.<\/p>\n\n\n\n<p>Ante estos hechos, la Instituci\u00f3n de procuraci\u00f3n de justicia atrajo la investigaci\u00f3n -a trav\u00e9s de la Vicefiscal\u00eda Regional del Istmo- logrando presentar ante el Juez a los probables responsables.<\/p>\n\n\n\n<p>En audiencia y tras validar los datos probatorios, el Juez de Control dict\u00f3 auto de vinculaci\u00f3n a proceso contra R. G. R. y R. E. C., imponiendo la medida cautelar de prisi\u00f3n preventiva y concedi\u00f3 dos meses para el cierre de investigaci\u00f3n complementaria.<\/p>\n\n\n\n<p>Combatir la impunidad en agresiones contra periodistas y comunicadores es un compromiso prioritario de la FGEO para garantizar la libertad de expresi\u00f3n en nuestro estado.<\/p>\n\n\n\n<p>(Comunicado)<\/p>\n","protected":false},"excerpt":{"rendered":"<p>Redacci\u00f3n\/Zona Roja. Oaxaca de Ju\u00e1rez, Oax., 18 de febrero de 2022.- La Fiscal\u00eda General del&hellip;<\/p>\n","protected":false},"author":2,"featured_media":37749,"comment_status":"closed","ping_status":"open","sticky":false,"template":"","format":"standard","meta":{"_lmt_disableupdate":"","_lmt_disable":"","_jetpack_memberships_contains_paid_content":false,"footnotes":""},"categories":[109,47],"tags":[3029],"class_list":["post-37767","post","type-post","status-publish","format-standard","has-post-thumbnail","hentry","category-minuto-a-minuto","category-zona-gris","tag-heber-lopez-vasquez"],"jetpack_featured_media_url":"https:\/\/zonaroja.com.mx\/wp-content\/uploads\/2022\/02\/Protesta-Heber-Lopez-Vasquez-Salina-Cruz.jpg","jetpack_sharing_enabled":true,"_links":{"self":[{"href":"https:\/\/zonaroja.com.mx\/index.php?rest_route=\/wp\/v2\/posts\/37767","targetHints":{"allow":["GET"]}}],"collection":[{"href":"https:\/\/zonaroja.com.mx\/index.php?rest_route=\/wp\/v2\/posts"}],"about":[{"href":"https:\/\/zonaroja.com.mx\/index.php?rest_route=\/wp\/v2\/types\/post"}],"author":[{"embeddable":true,"href":"https:\/\/zonaroja.com.mx\/index.php?rest_route=\/wp\/v2\/users\/2"}],"replies":[{"embeddable":true,"href":"https:\/\/zonaroja.com.mx\/index.php?rest_route=%2Fwp%2Fv2%2Fcomments&post=37767"}],"version-history":[{"count":1,"href":"https:\/\/zonaroja.com.mx\/index.php?rest_route=\/wp\/v2\/posts\/37767\/revisions"}],"predecessor-version":[{"id":37768,"href":"https:\/\/zonaroja.com.mx\/index.php?rest_route=\/wp\/v2\/posts\/37767\/revisions\/37768"}],"wp:featuredmedia":[{"embeddable":true,"href":"https:\/\/zonaroja.com.mx\/index.php?rest_route=\/wp\/v2\/media\/37749"}],"wp:attachment":[{"href":"https:\/\/zonaroja.com.mx\/index.php?rest_route=%2Fwp%2Fv2%2Fmedia&parent=37767"}],"wp:term":[{"taxonomy":"category","embeddable":true,"href":"https:\/\/zonaroja.com.mx\/index.php?rest_route=%2Fwp%2Fv2%2Fcategories&post=37767"},{"taxonomy":"post_tag","embeddable":true,"href":"https:\/\/zonaroja.com.mx\/index.php?rest_route=%2Fwp%2Fv2%2Ftags&post=37767"}],"curies":[{"name":"wp","href":"https:\/\/api.w.org\/{rel}","templated":true}]}}