{"id":37769,"date":"2022-02-18T18:15:38","date_gmt":"2022-02-19T00:15:38","guid":{"rendered":"http:\/\/www.zonaroja.com.mx\/?p=37769"},"modified":"2022-02-18T18:58:34","modified_gmt":"2022-02-19T00:58:34","slug":"no-disparen-somos-prensa-periodistas-de-oaxaca-marcha-y-exigen-justicia","status":"publish","type":"post","link":"https:\/\/zonaroja.com.mx\/?p=37769","title":{"rendered":"\u00a1No disparen, somos prensa! Periodistas de Oaxaca marchan y exigen justicia"},"content":{"rendered":"\n<p>Yuridiana Sosa\/Zona Roja.<\/p>\n\n\n\n<p>Oaxaca de Ju\u00e1rez, Oax., 18 de febrero de 2022.- No es una marcha com\u00fan, es en defensa de la vida de los periodistas de Oaxaca y el pa\u00eds.<\/p>\n\n\n\n<p>Como todos los d\u00edas, decenas de reporteras y reporteros, fotoperiodistas, de medios impresos, digitales, de radio y televisi\u00f3n, salieron a las calles, pero ahora juntos en marcha para decir \u201c\u00a1Ya basta!\u201d, \u201c\u00a1No m\u00e1s violencia contra periodistas!\u201d.<\/p>\n\n\n\n<p>Organizados, unidos como nunca antes, una representaci\u00f3n de la prensa de todo estado march\u00f3 en la capital oaxaque\u00f1a, donde por medio de cartulinas y por momento de un profundo silencio por un duelo que no acaba, tambi\u00e9n manifestamos la exigencia de justicia y hartazgo de la violencia en nuestra contra, la cual hoy pone al periodismo en riesgo.<\/p>\n\n\n\n<p>Una carroza y un f\u00e9retro en memoria de m\u00e1s de una decena de compa\u00f1eros oaxaque\u00f1os asesinados del a\u00f1o 2000 a la fecha, marcan el recorrido que parti\u00f3 del parque Ju\u00e1rez \u201cEl Llano\u201d, a la Alameda de Le\u00f3n, en el Centro Hist\u00f3rico de Oaxaca.<\/p>\n\n\n\n<figure class=\"wp-block-embed is-type-rich is-provider-twitter wp-block-embed-twitter\"><div class=\"wp-block-embed__wrapper\">\n<div class=\"twitter-tweet\"><blockquote class=\"twitter-tweet\" data-lang=\"es\"><p lang=\"es\" dir=\"ltr\">\u00a1Ya basta!<a href=\"https:\/\/twitter.com\/hashtag\/PeriodismoEnRiesgo?src=hash&amp;ref_src=twsrc%5Etfw\">#PeriodismoEnRiesgo<\/a> <a href=\"https:\/\/twitter.com\/hashtag\/YaBastaOaxaca?src=hash&amp;ref_src=twsrc%5Etfw\">#YaBastaOaxaca<\/a><a href=\"https:\/\/twitter.com\/hashtag\/PrensaUnida?src=hash&amp;ref_src=twsrc%5Etfw\">#PrensaUnida<\/a><a href=\"https:\/\/twitter.com\/hashtag\/Oaxaca?src=hash&amp;ref_src=twsrc%5Etfw\">#Oaxaca<\/a><br><br>De manera in\u00e9dita, al menos un centenar de periodistas se reuni\u00f3 hoy en una marcha pac\u00edfica para exigir algo a las agresiones y cr\u00edmenes. <a href=\"https:\/\/t.co\/NGkUh3RiB9\">pic.twitter.com\/NGkUh3RiB9<\/a><\/p>&mdash; Zona Roja Oaxaca (@ZonaRoja_Oaxaca) <a href=\"https:\/\/twitter.com\/ZonaRoja_Oaxaca\/status\/1494824554018926595?ref_src=twsrc%5Etfw\">19 de febrero de 2022<\/a><\/blockquote><\/div>\n<\/div><\/figure>\n\n\n\n<p>Hay dolor, tristeza, impotencia, rabia, frustraci\u00f3n por la vida de los compa\u00f1eros que ya no est\u00e1n y por la que sigue la impunidad.<\/p>\n\n\n\n<p>Marcos Fern\u00e1ndez, Heliodoro Ramos, Salvador Olmos, Agust\u00edn Pav\u00eda, Tel\u00e9sforo Santiago, Gustavo S\u00e1nchez y Heber L\u00f3pez V\u00e1zquez, asesinados entre el 2016 a la fecha, fueron recordados en un pase de lista previo al recorrido.<\/p>\n\n\n\n<p>\u00a1Presente! Se grit\u00f3 con nostalgia ante la camarader\u00eda, de sus contempor\u00e1neas, de la llamada vieja guardia, de las nuevas generaciones, que esta vez son una sola voz.<\/p>\n\n\n\n<p>Ellos ya no est\u00e1n, pero su labor es recordada, y por sus vidas ausentes se hizo esta marcha.<\/p>\n\n\n\n<figure class=\"wp-block-embed is-type-rich is-provider-twitter wp-block-embed-twitter\"><div class=\"wp-block-embed__wrapper\">\n<div class=\"twitter-tweet\"><blockquote class=\"twitter-tweet\" data-lang=\"es\"><p lang=\"und\" dir=\"ltr\"><a href=\"https:\/\/twitter.com\/hashtag\/PeriodismoEnRiesgo?src=hash&amp;ref_src=twsrc%5Etfw\">#PeriodismoEnRiesgo<\/a> <a href=\"https:\/\/twitter.com\/hashtag\/PeriodistasUnidos?src=hash&amp;ref_src=twsrc%5Etfw\">#PeriodistasUnidos<\/a> <a href=\"https:\/\/twitter.com\/hashtag\/MarchaOaxaca?src=hash&amp;ref_src=twsrc%5Etfw\">#MarchaOaxaca<\/a><a href=\"https:\/\/twitter.com\/hashtag\/0axaca?src=hash&amp;ref_src=twsrc%5Etfw\">#0axaca<\/a> <a href=\"https:\/\/twitter.com\/julioastillero?ref_src=twsrc%5Etfw\">@julioastillero<\/a> <a href=\"https:\/\/twitter.com\/AristeguiOnline?ref_src=twsrc%5Etfw\">@AristeguiOnline<\/a> <a href=\"https:\/\/twitter.com\/lasillarota?ref_src=twsrc%5Etfw\">@lasillarota<\/a> <a href=\"https:\/\/twitter.com\/lopezdoriga?ref_src=twsrc%5Etfw\">@lopezdoriga<\/a> <a href=\"https:\/\/twitter.com\/Reforma?ref_src=twsrc%5Etfw\">@Reforma<\/a> <a href=\"https:\/\/t.co\/lwe7RnqZeO\">pic.twitter.com\/lwe7RnqZeO<\/a><\/p>&mdash; Zona Roja Oaxaca (@ZonaRoja_Oaxaca) <a href=\"https:\/\/twitter.com\/ZonaRoja_Oaxaca\/status\/1494712122357526535?ref_src=twsrc%5Etfw\">18 de febrero de 2022<\/a><\/blockquote><\/div>\n<\/div><\/figure>\n\n\n\n<p>Mujeres y hombres se turnaron para cargar el f\u00e9retro vac\u00edo de un cuerpo, pero lleno de injusticia, de corrupci\u00f3n, de impunidad, de familias resquebrajadas, de un gremio doliente y una sociedad que se hace indiferente a l dolor.<\/p>\n\n\n\n<p>Este d\u00eda, hab\u00eda una doble funci\u00f3n que cumplir, ser los manifestantes y los que damos cobertura al evento. El respaldo no se sinti\u00f3.<\/p>\n\n\n\n<p>Ese sentimiento tambi\u00e9n lo manifest\u00f3 con un en\u00e9rgico se\u00f1alamiento el periodista Pedro Mat\u00edas, corresponsal de la Revista \u201cProceso\u201d en Oaxaca, quien de igual forma ha estado en riesgo ante la persecuci\u00f3n del Estado por su labor.<\/p>\n\n\n\n<p>\u201cSindicatos y organizaciones que nos llaman a la hora que sea y ah\u00ed estamos, \u00bfD\u00f3nde est\u00e1n ahora?\u201d, \u201c\u00a1Ahora estamos solos, no nos atienden, no nos ven, no se dan cuenta que si nos silencian a nosotros a ellos tambi\u00e9n!\u201d, sentenci\u00f3.<\/p>\n\n\n\n<p>Soledad Jarqu\u00edn, periodista y activista, tambi\u00e9n conden\u00f3 en\u00e9rgicamente la omisi\u00f3n del Gobierno de Oaxaca y del Federal para aplicar justicia. Ella no la ha recibido por el asesinato de su hija, la fotoperiodista Mar\u00eda del Sol Cruz, ocurrido en junio de 2018.<\/p>\n\n\n\n<figure class=\"wp-block-embed is-type-rich is-provider-twitter wp-block-embed-twitter\"><div class=\"wp-block-embed__wrapper\">\n<div class=\"twitter-tweet\"><blockquote class=\"twitter-tweet\" data-lang=\"es\"><p lang=\"es\" dir=\"ltr\"><a href=\"https:\/\/twitter.com\/hashtag\/PeriodismoEnRiesgo?src=hash&amp;ref_src=twsrc%5Etfw\">#PeriodismoEnRiesgo<\/a> <a href=\"https:\/\/twitter.com\/hashtag\/YaBastaOaxaca?src=hash&amp;ref_src=twsrc%5Etfw\">#YaBastaOaxaca<\/a><a href=\"https:\/\/twitter.com\/hashtag\/PrensaUnida?src=hash&amp;ref_src=twsrc%5Etfw\">#PrensaUnida<\/a><a href=\"https:\/\/twitter.com\/hashtag\/Oaxaca?src=hash&amp;ref_src=twsrc%5Etfw\">#Oaxaca<\/a><br><br>Transmisi\u00f3n en vivo:<br>\ud83d\udc47<a href=\"https:\/\/t.co\/r16MPEFz45\">https:\/\/t.co\/r16MPEFz45<\/a><\/p>&mdash; Zona Roja Oaxaca (@ZonaRoja_Oaxaca) <a href=\"https:\/\/twitter.com\/ZonaRoja_Oaxaca\/status\/1494714280029134848?ref_src=twsrc%5Etfw\">18 de febrero de 2022<\/a><\/blockquote><\/div>\n<\/div><\/figure>\n\n\n\n<p>\u201cAll\u00e1 \u2013en el gobierno- no hay respuesta, ni nos ven, ni nos oyen, ni sienten el dolor que sentimos cuando un compa\u00f1ero es asesinado, y la sociedad, acostumbrada a tanta violencia, ya no siente\u201d, \u201c\u00a1Nos est\u00e1n matando!\u201d.<\/p>\n\n\n\n<p>Compa\u00f1eros de las diferentes regiones de Oaxaca tambi\u00e9n expresaron las violencias que se viven en los municipios menos vistos medi\u00e1ticamente, pero donde su labor y la libertad de expresi\u00f3n tambi\u00e9n est\u00e1 en riesgo y nadie nos ve.<\/p>\n\n\n\n<p>Esta primera marcha simboliza la uni\u00f3n del gremio que no est\u00e1 dispuesto a seguir tolerando la impunidad.<\/p>\n","protected":false},"excerpt":{"rendered":"<p>Yuridiana Sosa\/Zona Roja. Oaxaca de Ju\u00e1rez, Oax., 18 de febrero de 2022.- No es una&hellip;<\/p>\n","protected":false},"author":2,"featured_media":37770,"comment_status":"closed","ping_status":"open","sticky":false,"template":"","format":"standard","meta":{"_lmt_disableupdate":"","_lmt_disable":"","_jetpack_memberships_contains_paid_content":false,"footnotes":""},"categories":[109,47],"tags":[1041],"class_list":["post-37769","post","type-post","status-publish","format-standard","has-post-thumbnail","hentry","category-minuto-a-minuto","category-zona-gris","tag-asociacion-de-periodistas-de-oaxaca-apo"],"jetpack_featured_media_url":"https:\/\/zonaroja.com.mx\/wp-content\/uploads\/2022\/02\/Protesta-periodistas-Oaxaca-Heber-Lopez.jpg","jetpack_sharing_enabled":true,"_links":{"self":[{"href":"https:\/\/zonaroja.com.mx\/index.php?rest_route=\/wp\/v2\/posts\/37769","targetHints":{"allow":["GET"]}}],"collection":[{"href":"https:\/\/zonaroja.com.mx\/index.php?rest_route=\/wp\/v2\/posts"}],"about":[{"href":"https:\/\/zonaroja.com.mx\/index.php?rest_route=\/wp\/v2\/types\/post"}],"author":[{"embeddable":true,"href":"https:\/\/zonaroja.com.mx\/index.php?rest_route=\/wp\/v2\/users\/2"}],"replies":[{"embeddable":true,"href":"https:\/\/zonaroja.com.mx\/index.php?rest_route=%2Fwp%2Fv2%2Fcomments&post=37769"}],"version-history":[{"count":2,"href":"https:\/\/zonaroja.com.mx\/index.php?rest_route=\/wp\/v2\/posts\/37769\/revisions"}],"predecessor-version":[{"id":37774,"href":"https:\/\/zonaroja.com.mx\/index.php?rest_route=\/wp\/v2\/posts\/37769\/revisions\/37774"}],"wp:featuredmedia":[{"embeddable":true,"href":"https:\/\/zonaroja.com.mx\/index.php?rest_route=\/wp\/v2\/media\/37770"}],"wp:attachment":[{"href":"https:\/\/zonaroja.com.mx\/index.php?rest_route=%2Fwp%2Fv2%2Fmedia&parent=37769"}],"wp:term":[{"taxonomy":"category","embeddable":true,"href":"https:\/\/zonaroja.com.mx\/index.php?rest_route=%2Fwp%2Fv2%2Fcategories&post=37769"},{"taxonomy":"post_tag","embeddable":true,"href":"https:\/\/zonaroja.com.mx\/index.php?rest_route=%2Fwp%2Fv2%2Ftags&post=37769"}],"curies":[{"name":"wp","href":"https:\/\/api.w.org\/{rel}","templated":true}]}}