{"id":37775,"date":"2022-02-19T07:57:51","date_gmt":"2022-02-19T13:57:51","guid":{"rendered":"http:\/\/www.zonaroja.com.mx\/?p=37775"},"modified":"2022-02-19T07:57:54","modified_gmt":"2022-02-19T13:57:54","slug":"valora-poder-legislativo-tipificar-delitos-como-crimenes-de-odio","status":"publish","type":"post","link":"https:\/\/zonaroja.com.mx\/?p=37775","title":{"rendered":"Valora Poder Legislativo tipificar delitos como \u201ccr\u00edmenes de odio\u201d"},"content":{"rendered":"\n<p>Redacci\u00f3n\/Zona Roja.<\/p>\n\n\n\n<p>Oaxaca de Ju\u00e1rez, Oax., 19 de febrero de 2022.- El Poder Legislativo analiza modificaciones al C\u00f3digo Penal de Oaxaca para tipificar como \u201ccr\u00edmenes de odio\u201d aquellos asesinatos cometidos contra personas por su orientaci\u00f3n sexual, origen \u00e9tnico, religi\u00f3n, edad, color de piel o condici\u00f3n de salud.<\/p>\n\n\n\n<p>La iniciativa, presentada por la legisladora Lizbeth Anaid Concha Ojeda, plantea tambi\u00e9n el aumento de las penas para quienes cometan estos delitos, con sentencias de hasta 45 a\u00f1os de prisi\u00f3n; y en el caso de que haya existido una relaci\u00f3n de matrimonio, concubinato, laboral o docente entre la v\u00edctima y el imputado, la condena se incremente hasta en un tercio m\u00e1s.<\/p>\n\n\n\n<p>Con ello, se pretende que en Oaxaca jur\u00eddicamente exista la figura de \u201ccr\u00edmenes de odio\u201d para que estos asesinatos no sean solamente considerados delitos comunes o \u201ccr\u00edmenes pasionales\u201d, a fin de disuadirlos y atender realmente la problem\u00e1tica.<\/p>\n\n\n\n<p>De acuerdo con el Observatorio Nacional de Cr\u00edmenes de Odio, hay una mayor incidencia delictiva contra las personas por su orientaci\u00f3n sexual, aunque no est\u00e1n exentos los de grupos raciales, \u00e9tnicos o de edad.<\/p>\n\n\n\n<p>En M\u00e9xico, en lo que va de este 2022 han desaparecido tres personas identificadas de la comunidad Lesbianas, Gays, Bisexuales, Transexuales, Transg\u00e9nero, Travestis, Intersex y Queer (LGBTTTIQ). En 2021 hubo 80 cr\u00edmenes de odio, y en 2020 se contabilizaron 76 casos.<\/p>\n\n\n\n<p>El t\u00e9rmino \u201ccr\u00edmenes de odio\u201d surgi\u00f3 en Estados Unidos en 1985, cuando ocurri\u00f3 una serie de asesinatos basados en prejuicios raciales, \u00e9tnicos y nacionalistas, a partir de ello, los medios de comunicaci\u00f3n tomaron el concepto por su valor de impacto.<\/p>\n\n\n\n<p>La iniciativa con proyecto de decreto fue turnada a la Comisi\u00f3n Permanente de Administraci\u00f3n y Procuraci\u00f3n de Justicia para su estudio.<\/p>\n","protected":false},"excerpt":{"rendered":"<p>Redacci\u00f3n\/Zona Roja. Oaxaca de Ju\u00e1rez, Oax., 19 de febrero de 2022.- El Poder Legislativo analiza&hellip;<\/p>\n","protected":false},"author":2,"featured_media":37796,"comment_status":"closed","ping_status":"open","sticky":false,"template":"","format":"standard","meta":{"_lmt_disableupdate":"","_lmt_disable":"","_jetpack_memberships_contains_paid_content":false,"footnotes":""},"categories":[109,47],"tags":[2743,3038],"class_list":["post-37775","post","type-post","status-publish","format-standard","has-post-thumbnail","hentry","category-minuto-a-minuto","category-zona-gris","tag-65-legislatura-del-estado-de-oaxaca","tag-lizbeth-concha-ojeda"],"jetpack_featured_media_url":"https:\/\/zonaroja.com.mx\/wp-content\/uploads\/2022\/02\/Liz-Concha-Ojeda-1.jpg","jetpack_sharing_enabled":true,"_links":{"self":[{"href":"https:\/\/zonaroja.com.mx\/index.php?rest_route=\/wp\/v2\/posts\/37775","targetHints":{"allow":["GET"]}}],"collection":[{"href":"https:\/\/zonaroja.com.mx\/index.php?rest_route=\/wp\/v2\/posts"}],"about":[{"href":"https:\/\/zonaroja.com.mx\/index.php?rest_route=\/wp\/v2\/types\/post"}],"author":[{"embeddable":true,"href":"https:\/\/zonaroja.com.mx\/index.php?rest_route=\/wp\/v2\/users\/2"}],"replies":[{"embeddable":true,"href":"https:\/\/zonaroja.com.mx\/index.php?rest_route=%2Fwp%2Fv2%2Fcomments&post=37775"}],"version-history":[{"count":2,"href":"https:\/\/zonaroja.com.mx\/index.php?rest_route=\/wp\/v2\/posts\/37775\/revisions"}],"predecessor-version":[{"id":37798,"href":"https:\/\/zonaroja.com.mx\/index.php?rest_route=\/wp\/v2\/posts\/37775\/revisions\/37798"}],"wp:featuredmedia":[{"embeddable":true,"href":"https:\/\/zonaroja.com.mx\/index.php?rest_route=\/wp\/v2\/media\/37796"}],"wp:attachment":[{"href":"https:\/\/zonaroja.com.mx\/index.php?rest_route=%2Fwp%2Fv2%2Fmedia&parent=37775"}],"wp:term":[{"taxonomy":"category","embeddable":true,"href":"https:\/\/zonaroja.com.mx\/index.php?rest_route=%2Fwp%2Fv2%2Fcategories&post=37775"},{"taxonomy":"post_tag","embeddable":true,"href":"https:\/\/zonaroja.com.mx\/index.php?rest_route=%2Fwp%2Fv2%2Ftags&post=37775"}],"curies":[{"name":"wp","href":"https:\/\/api.w.org\/{rel}","templated":true}]}}