{"id":37781,"date":"2022-02-18T20:43:31","date_gmt":"2022-02-19T02:43:31","guid":{"rendered":"http:\/\/www.zonaroja.com.mx\/?p=37781"},"modified":"2022-02-18T20:43:33","modified_gmt":"2022-02-19T02:43:33","slug":"otro-dia-de-intensas-movilizaciones-en-oaxaca-golpean-a-reportero","status":"publish","type":"post","link":"https:\/\/zonaroja.com.mx\/?p=37781","title":{"rendered":"Otro d\u00eda de intensas movilizaciones en Oaxaca; golpean a reportero"},"content":{"rendered":"\n<p>Yuridiana Sosa\/Zona Roja.<\/p>\n\n\n\n<p>Oaxaca de Ju\u00e1rez, Oax., 18 de febrero de 2022.- La semana laboral en Oaxaca culmina con al menos cinco movilizaciones en la entidad, en una de las cuales, un reportero result\u00f3 agredido por parte de un grupo de choque que actu\u00f3 para retirar otra movilizaci\u00f3n en la regi\u00f3n de Valles Centrales.<\/p>\n\n\n\n<p>Las manifestaciones comenzaron desde las primeras horas del d\u00eda con la \u201ctoma\u201d de urbanos por parte de egresados normalistas, que en su quinto d\u00eda de protestas se dirigieron al entronque de la autopista Oaxaca-Cuacnopalan, en jurisdicci\u00f3n del municipio de San Pablo Huitzo, donde cerraron el paso.<\/p>\n\n\n\n<p>Al lugar arribaron elementos de seguridad, de la Polic\u00eda Estatal y Guardia Nacional, s\u00f3lo para impedir el paso y atestiguar la afectaci\u00f3n de los normalistas, sin actuar para su retiro.<\/p>\n\n\n\n<p>Ante el prolongado bloqueo de m\u00e1s de cuatro horas y graves afectaciones, arribaron al lugar autoridades municipales del valle eteco para conciliar la liberaci\u00f3n de la carretera, pero los normalistas no accedieron.<\/p>\n\n\n\n<p>LA AGRESI\u00d3N<\/p>\n\n\n\n<p>Luego de una marcha en el centro de la ciudad de Oaxaca para exigir alto a la violencia y asesinatos a periodistas, un grupo de reporteros se dirigi\u00f3 al punto del bloqueo, para documentar la protesta.<\/p>\n\n\n\n<p>Sin embargo, durante el ejercicio de su labor, el comunicador Javier Santiago fue agredido seriamente por parte de un grupo de choque, presuntamente de la organizaci\u00f3n CATEM, que arrib\u00f3 al punto para desarticular el bloqueo.<\/p>\n\n\n\n<p>El reportero fue golpeado con el arma de descarga de bombas de gas lacrim\u00f3geno, lo que amerit\u00f3 su traslado para su hospitalizaci\u00f3n.<\/p>\n\n\n\n<p>Los reportes preliminares indicaron que el grupo de personas, tambi\u00e9n armadas con palos y piedras, se apoder\u00f3 de un cami\u00f3n urbano en la agencia municipal de Trinidad de Viguera, de la capital, donde amagaron al conductor con un arma de fuego y lo obligaron a trasladarlos al entronque de la autopista.<\/p>\n\n\n\n<p>Entre los integrantes del grupo de choque se identific\u00f3 a Abraham R\u00edos, alias \u201cEl Oaxaco\u201d, dirigente de la Confederaci\u00f3n Aut\u00f3noma de Trabajadores y Empleados de M\u00e9xico (CATEM), quien recientemente en noviembre pasado sali\u00f3 de prisi\u00f3n luego de ser detenido por el asesinato de cinco personas en San Pedro Totolapam.<\/p>\n\n\n\n<figure class=\"wp-block-embed is-type-rich is-provider-twitter wp-block-embed-twitter\"><div class=\"wp-block-embed__wrapper\">\n<div class=\"twitter-tweet\"><blockquote class=\"twitter-tweet\" data-lang=\"es\"><p lang=\"es\" dir=\"ltr\"><a href=\"https:\/\/twitter.com\/hashtag\/%C3%9AltimoMinuto?src=hash&amp;ref_src=twsrc%5Etfw\">#\u00daltimoMinuto<\/a> <br>Presuntos normalistas agreden a la prensa en su bloqueo en la v\u00eda federal 190 <a href=\"https:\/\/twitter.com\/hashtag\/Oaxaca?src=hash&amp;ref_src=twsrc%5Etfw\">#Oaxaca<\/a>-M\u00e9xico, en inmediaciones de San Pablo Etla, donde efectuaban un bloqueo. <br>Se trata del reportero Javier Santiago (<a href=\"https:\/\/twitter.com\/Javier_prensa?ref_src=twsrc%5Etfw\">@Javier_prensa<\/a>). <a href=\"https:\/\/twitter.com\/article19mex?ref_src=twsrc%5Etfw\">@article19mex<\/a> <a href=\"https:\/\/twitter.com\/FGR_Oax?ref_src=twsrc%5Etfw\">@FGR_Oax<\/a> <a href=\"https:\/\/twitter.com\/CNDH?ref_src=twsrc%5Etfw\">@CNDH<\/a> <a href=\"https:\/\/twitter.com\/julioastillero?ref_src=twsrc%5Etfw\">@julioastillero<\/a> <a href=\"https:\/\/t.co\/E2lrOAFBl8\">pic.twitter.com\/E2lrOAFBl8<\/a><\/p>&mdash; Zona Roja Oaxaca (@ZonaRoja_Oaxaca) <a href=\"https:\/\/twitter.com\/ZonaRoja_Oaxaca\/status\/1494754289608187907?ref_src=twsrc%5Etfw\">18 de febrero de 2022<\/a><\/blockquote><\/div>\n<\/div><\/figure>\n\n\n\n<p>NO M\u00c1S VIOLENCIA<\/p>\n\n\n\n<p>Previo a ello, periodistas de las ocho regiones de Oaxaca marcharon en la capital del estado para exigir justicia por el asesinato del reportero H\u00e9ber L\u00f3pez, ocurrido el pasado 10 de febrero, as\u00ed como demandar un alto a las agresiones y cese a la impunidad.<\/p>\n\n\n\n<p>Los reporteros y reporteras, as\u00ed como fotoperiodistas, alzaron la voz de forma organizada para denunciar la ola de hechos violentos contra el gremio en Oaxaca y los cuales han quedado sin castigo en la mayor\u00eda de los casos, principalmente los homicidios.<\/p>\n\n\n\n<p>M\u00c1S PROTESTAS<\/p>\n\n\n\n<p>En el Centro Hist\u00f3rico de la capital, jubilados de la Secci\u00f3n 22 del Sindicato Nacional de Trabajadores de la Educaci\u00f3n (SNTE) cerraron el paso en la calle de Armenta y L\u00f3pez para exigir alrededor de 500 plazas para sus hijos.<\/p>\n\n\n\n<p>Los ex trabajadores del sector educativo apuntaron que junto con los normalistas demandan a la dirigencia de su sindicato que defienda sus peticiones ante el gobierno del estado.<\/p>\n\n\n\n<p>En tanto, la ma\u00f1ana de este viernes, un reducido grupo de pobladores del municipio de San Juan Chicomez\u00fachitl, de la Sierra Norte, se manifestaron para demandar al gobierno estatal la aprobaci\u00f3n de recursos econ\u00f3micos del proyecto denominado \u201cL\u00ednea de conducci\u00f3n del canal principal y sistema de riego presurizado\u201d.<\/p>\n\n\n\n<p>Los habitantes se instalaron en el crucero de la carretera internacional 190 y camino a Huayapam, donde por medio de pancartas dieron a conocer su inconformidad.<\/p>\n\n\n\n<p>Mientras que en el municipio de Mat\u00edas Romero, sindicalizados al servicio del ayuntamiento \u201ctomaron\u201d las instalaciones del palacio municipal ante el incumplimiento de la edil Obdulia Garc\u00eda L\u00f3pez de llevar a cabo una mesa de di\u00e1logo.<\/p>\n\n\n\n<p>La reuni\u00f3n estaba programada para la ma\u00f1ana de este viernes, pero la presidenta no lleg\u00f3.<\/p>\n\n\n\n<figure class=\"wp-block-image size-large\"><a href=\"http:\/\/www.zonaroja.com.mx\/wp-content\/uploads\/2022\/02\/Agresores-CATEM-Oaxaca-Javier-Santiago.jpg\" data-rel=\"penci-gallery-image-content\" ><img decoding=\"async\" width=\"1024\" height=\"576\" src=\"http:\/\/www.zonaroja.com.mx\/wp-content\/uploads\/2022\/02\/Agresores-CATEM-Oaxaca-Javier-Santiago-1024x576.jpg\" alt=\"\" class=\"wp-image-37782\" srcset=\"https:\/\/zonaroja.com.mx\/wp-content\/uploads\/2022\/02\/Agresores-CATEM-Oaxaca-Javier-Santiago-1024x576.jpg 1024w, https:\/\/zonaroja.com.mx\/wp-content\/uploads\/2022\/02\/Agresores-CATEM-Oaxaca-Javier-Santiago-300x169.jpg 300w, https:\/\/zonaroja.com.mx\/wp-content\/uploads\/2022\/02\/Agresores-CATEM-Oaxaca-Javier-Santiago-768x432.jpg 768w, https:\/\/zonaroja.com.mx\/wp-content\/uploads\/2022\/02\/Agresores-CATEM-Oaxaca-Javier-Santiago-1536x864.jpg 1536w, https:\/\/zonaroja.com.mx\/wp-content\/uploads\/2022\/02\/Agresores-CATEM-Oaxaca-Javier-Santiago-1170x658.jpg 1170w, https:\/\/zonaroja.com.mx\/wp-content\/uploads\/2022\/02\/Agresores-CATEM-Oaxaca-Javier-Santiago-585x329.jpg 585w, https:\/\/zonaroja.com.mx\/wp-content\/uploads\/2022\/02\/Agresores-CATEM-Oaxaca-Javier-Santiago.jpg 1600w\" sizes=\"(max-width: 1024px) 100vw, 1024px\" \/><\/a><\/figure>\n","protected":false},"excerpt":{"rendered":"<p>Yuridiana Sosa\/Zona Roja. Oaxaca de Ju\u00e1rez, Oax., 18 de febrero de 2022.- La semana laboral&hellip;<\/p>\n","protected":false},"author":2,"featured_media":37779,"comment_status":"closed","ping_status":"open","sticky":false,"template":"","format":"standard","meta":{"_lmt_disableupdate":"","_lmt_disable":"","_jetpack_memberships_contains_paid_content":false,"footnotes":""},"categories":[1],"tags":[],"class_list":["post-37781","post","type-post","status-publish","format-standard","has-post-thumbnail","hentry","category-sin-categoria"],"jetpack_featured_media_url":"https:\/\/zonaroja.com.mx\/wp-content\/uploads\/2022\/02\/Javier-Santiago-lesionado.jpg","jetpack_sharing_enabled":true,"_links":{"self":[{"href":"https:\/\/zonaroja.com.mx\/index.php?rest_route=\/wp\/v2\/posts\/37781","targetHints":{"allow":["GET"]}}],"collection":[{"href":"https:\/\/zonaroja.com.mx\/index.php?rest_route=\/wp\/v2\/posts"}],"about":[{"href":"https:\/\/zonaroja.com.mx\/index.php?rest_route=\/wp\/v2\/types\/post"}],"author":[{"embeddable":true,"href":"https:\/\/zonaroja.com.mx\/index.php?rest_route=\/wp\/v2\/users\/2"}],"replies":[{"embeddable":true,"href":"https:\/\/zonaroja.com.mx\/index.php?rest_route=%2Fwp%2Fv2%2Fcomments&post=37781"}],"version-history":[{"count":1,"href":"https:\/\/zonaroja.com.mx\/index.php?rest_route=\/wp\/v2\/posts\/37781\/revisions"}],"predecessor-version":[{"id":37783,"href":"https:\/\/zonaroja.com.mx\/index.php?rest_route=\/wp\/v2\/posts\/37781\/revisions\/37783"}],"wp:featuredmedia":[{"embeddable":true,"href":"https:\/\/zonaroja.com.mx\/index.php?rest_route=\/wp\/v2\/media\/37779"}],"wp:attachment":[{"href":"https:\/\/zonaroja.com.mx\/index.php?rest_route=%2Fwp%2Fv2%2Fmedia&parent=37781"}],"wp:term":[{"taxonomy":"category","embeddable":true,"href":"https:\/\/zonaroja.com.mx\/index.php?rest_route=%2Fwp%2Fv2%2Fcategories&post=37781"},{"taxonomy":"post_tag","embeddable":true,"href":"https:\/\/zonaroja.com.mx\/index.php?rest_route=%2Fwp%2Fv2%2Ftags&post=37781"}],"curies":[{"name":"wp","href":"https:\/\/api.w.org\/{rel}","templated":true}]}}