{"id":37794,"date":"2022-02-19T07:56:36","date_gmt":"2022-02-19T13:56:36","guid":{"rendered":"http:\/\/www.zonaroja.com.mx\/?p=37794"},"modified":"2022-02-19T07:56:39","modified_gmt":"2022-02-19T13:56:39","slug":"cierra-fuerte-el-covid-la-semana-en-oaxaca-669-contagios-y-10-decesos","status":"publish","type":"post","link":"https:\/\/zonaroja.com.mx\/?p=37794","title":{"rendered":"Cierra fuerte el Covid la semana en Oaxaca: 669 contagios y 10 decesos"},"content":{"rendered":"\n<p>Redacci\u00f3n\/Zona Roja.<\/p>\n\n\n\n<p>Oaxaca de Ju\u00e1rez, Oax., 19 de febrero de 2022.- Con base al \u00abLineamiento para la estimaci\u00f3n de riesgos del sem\u00e1foro por regiones COVID-19\u00bb emitido por el Gobierno Federal, Oaxaca permanecer\u00e1 del 21 de febrero al 6 de marzo del presente a\u00f1o en color amarillo, informaron los Servicios de Salud de Oaxaca (SSO).<\/p>\n\n\n\n<p>Ello significa que el riesgo de contagio a causa de este coronavirus es medio, y se mantienen vigente todas las medidas sanitarias para disminuir el riesgo de contraer esta enfermedad, como son: el uso del cubrebocas, lavado de manos frente con agua y jab\u00f3n, la sana distancia, ventilas los espacios y evitar las aglomeraciones.<\/p>\n\n\n\n<p>Para ayer 18 de febrero, Oaxaca contabiliz\u00f3 los 112 mil 869 casos acumulados del SARS-CoV-2, con 669 nuevos contagios registrados. Hay, adem\u00e1s un global de cinco mil 924 defunciones, 10 m\u00e1s que el d\u00eda de ayer, en cuanto al n\u00famero de recuperados, para esta jornada hay 103 mil 944 pacientes y seis mil 562 casos sospechoso.<\/p>\n\n\n\n<p>Por distribuci\u00f3n geogr\u00e1fica, la Jurisdicci\u00f3n Sanitaria de Valles Centrales contabiliza 68 mil 199 acumulados y dos mil 613 defunciones, Istmo 15 mil 863 y mil 270 defunciones, Tuxtepec ocho mil 606 y 600 defunciones, Costa ocho mil 027 y 500 defunciones, Mixteca ocho mil 511 y 603 defunciones, Sierra tres mil 663 y 338 defunciones.<\/p>\n\n\n\n<p>Valles Centrales y el Istmo, son las regiones con m\u00e1s n\u00famero de casos activos, tras cuantificar mil 694 y 487 respectivamente, mientras que Tuxtepec, Costa, Mixteca y Sierra reportan una cantidad menor de casos. De manera global hay tres mil 01 personas que tienen la enfermedad en fase de m\u00e1ximo contagio en 193 municipios del territorio estatal.<\/p>\n\n\n\n<figure class=\"wp-block-embed is-type-rich is-provider-twitter wp-block-embed-twitter\"><div class=\"wp-block-embed__wrapper\">\n<div class=\"twitter-tweet\"><blockquote class=\"twitter-tweet\" data-lang=\"es\"><p lang=\"es\" dir=\"ltr\"><a href=\"https:\/\/twitter.com\/hashtag\/%C3%9AltimoMinuto?src=hash&amp;ref_src=twsrc%5Etfw\">#\u00daltimoMinuto<\/a><br>Este viernes, los <a href=\"https:\/\/twitter.com\/SSO_GobOax?ref_src=twsrc%5Etfw\">@SSO_GobOax<\/a> reportaron 669 casos positivos a Covid-19 y 10 decesos, adem\u00e1s de 3mil 001 casos activos de Covid-19.<br>Suman 112 mil 869 casos confirmados y 5 mil 924 decesos.<br>Hay 7 nosocomios saturados y la ocupaci\u00f3n hospitalaria es de 35.9%. <a href=\"https:\/\/t.co\/8d7Ew8Nj4O\">pic.twitter.com\/8d7Ew8Nj4O<\/a><\/p>&mdash; Zona Roja Oaxaca (@ZonaRoja_Oaxaca) <a href=\"https:\/\/twitter.com\/ZonaRoja_Oaxaca\/status\/1494890271145922563?ref_src=twsrc%5Etfw\">19 de febrero de 2022<\/a><\/blockquote><\/div>\n<\/div><\/figure>\n\n\n\n<p>La disponibilidad de camas a nivel estatal es del 35.9%, hay 151 hospitalizados a causa del SARS-CoV-2, con 10 nuevos ingresos, y el n\u00famero de hospitales que trabajan a su m\u00e1xima capacidad, es de siete Unidades M\u00e9dicas al 100%.<\/p>\n\n\n\n<p>Los centros m\u00e9dicos para la atenci\u00f3n de la pandemia en la zona de Valles Centrales son, de 45.9%, Istmo 36.1%, Tuxtepec 25.6%, Costa 16.4%, Mixteca 36.4%, mientras que la Sierra es la \u00fanica Jurisdicci\u00f3n Sanitaria que se ha mantenido sin notificar camas ocupadas.<\/p>\n\n\n\n<p>En esta \u00faltima jornada las demarcaciones con mayor incidencia de contagios son: Oaxaca de Ju\u00e1rez con 235 casos, Santa Cruz Xoxocotl\u00e1n con 57, Santa Mar\u00eda Atzompa con 32, Santa Mar\u00eda Huatulco con 27, San Juan Bautista Tuxtepec con 19, Santa Luc\u00eda del Camino con 17, Heroica Ciudad de Juchit\u00e1n de Zaragoza con 12, por mencionar algunos, para un total de 89 comunidades con residentes positivos a esta patolog\u00eda respiratoria.<\/p>\n\n\n\n<p>Cabe destacar que existen cinco centros de valoraci\u00f3n de primer contacto en la zona conurbada: el Hospital General de zona n\u00famero 1 del Instituto Mexicano del Seguro Social (IMSS), el Hospital Presidente Ju\u00e1rez del Instituto de Seguridad y Servicios Sociales de los Trabajadores del Estado (ISSSTE), el Hospital General \u201cDoctor Aurelio Valdivieso\u201d, el Centro de Salud urbano uno y el Hospital Regional de Alta Especialidad de Oaxaca (HRAEO).<\/p>\n\n\n\n<p>(Comunicado)<\/p>\n","protected":false},"excerpt":{"rendered":"<p>Redacci\u00f3n\/Zona Roja. Oaxaca de Ju\u00e1rez, Oax., 19 de febrero de 2022.- Con base al \u00abLineamiento&hellip;<\/p>\n","protected":false},"author":2,"featured_media":37795,"comment_status":"closed","ping_status":"open","sticky":false,"template":"","format":"standard","meta":{"_lmt_disableupdate":"","_lmt_disable":"","_jetpack_memberships_contains_paid_content":false,"footnotes":""},"categories":[109,47],"tags":[1512],"class_list":["post-37794","post","type-post","status-publish","format-standard","has-post-thumbnail","hentry","category-minuto-a-minuto","category-zona-gris","tag-coronavirus-oaxaca"],"jetpack_featured_media_url":"https:\/\/zonaroja.com.mx\/wp-content\/uploads\/2022\/02\/Cifras-18-de-febrero.jpg","jetpack_sharing_enabled":true,"_links":{"self":[{"href":"https:\/\/zonaroja.com.mx\/index.php?rest_route=\/wp\/v2\/posts\/37794","targetHints":{"allow":["GET"]}}],"collection":[{"href":"https:\/\/zonaroja.com.mx\/index.php?rest_route=\/wp\/v2\/posts"}],"about":[{"href":"https:\/\/zonaroja.com.mx\/index.php?rest_route=\/wp\/v2\/types\/post"}],"author":[{"embeddable":true,"href":"https:\/\/zonaroja.com.mx\/index.php?rest_route=\/wp\/v2\/users\/2"}],"replies":[{"embeddable":true,"href":"https:\/\/zonaroja.com.mx\/index.php?rest_route=%2Fwp%2Fv2%2Fcomments&post=37794"}],"version-history":[{"count":1,"href":"https:\/\/zonaroja.com.mx\/index.php?rest_route=\/wp\/v2\/posts\/37794\/revisions"}],"predecessor-version":[{"id":37797,"href":"https:\/\/zonaroja.com.mx\/index.php?rest_route=\/wp\/v2\/posts\/37794\/revisions\/37797"}],"wp:featuredmedia":[{"embeddable":true,"href":"https:\/\/zonaroja.com.mx\/index.php?rest_route=\/wp\/v2\/media\/37795"}],"wp:attachment":[{"href":"https:\/\/zonaroja.com.mx\/index.php?rest_route=%2Fwp%2Fv2%2Fmedia&parent=37794"}],"wp:term":[{"taxonomy":"category","embeddable":true,"href":"https:\/\/zonaroja.com.mx\/index.php?rest_route=%2Fwp%2Fv2%2Fcategories&post=37794"},{"taxonomy":"post_tag","embeddable":true,"href":"https:\/\/zonaroja.com.mx\/index.php?rest_route=%2Fwp%2Fv2%2Ftags&post=37794"}],"curies":[{"name":"wp","href":"https:\/\/api.w.org\/{rel}","templated":true}]}}