{"id":3780,"date":"2019-09-08T18:52:57","date_gmt":"2019-09-08T23:52:57","guid":{"rendered":"http:\/\/www.zonaroja.com.mx\/?p=3780"},"modified":"2019-09-08T18:53:00","modified_gmt":"2019-09-08T23:53:00","slug":"cronica-domingo-de-recuerdos-y-lagrimas-en-el-cuarto-dia-de-la-partida-de-toledo","status":"publish","type":"post","link":"https:\/\/zonaroja.com.mx\/?p=3780","title":{"rendered":"Cr\u00f3nica. Domingo de recuerdos y l\u00e1grimas, en el cuarto d\u00eda de la partida de Toledo"},"content":{"rendered":"\n<p>Ismael\nGarc\u00eda M.\/Zona Roja.<\/p>\n\n\n\n<p>Foto: Ismael\nGarc\u00eda<\/p>\n\n\n\n<p>Oaxaca de\nJu\u00e1rez, Oax., 8 de septiembre de 2019.- Lleg\u00f3 sola. Entr\u00f3 al recinto que continuamente\nvisit\u00f3 para platicar con el maestro. Escribi\u00f3 largo en el libro de dedicatorias,\nvio con sentido pesar las veladoras, la multitud de flores, la foto de su amigo\ny admirado artista.<\/p>\n\n\n\n<p>Y escogi\u00f3\nuna silla para sentarse. Sola. Mudo testigo el techo de bugambilias del patio\nen que tantas veces platic\u00f3 con Francisco Toledo; t\u00edmidos trinos de un pajarito.\nLa mujer, de pelo cano y corto, sollozaba. Mudo testigo, el patio del Instituto\nde Artes Gr\u00e1ficas de Oaxaca, lleno de flores.<\/p>\n\n\n\n<p>Domingo. Cuarto d\u00eda del sorpresivo deceso del artista pl\u00e1stico, uno de los m\u00e1s grandes de Oaxaca. <\/p>\n\n\n\n<figure class=\"wp-block-embed-twitter wp-block-embed is-type-rich is-provider-twitter\"><div class=\"wp-block-embed__wrapper\">\n<div class=\"twitter-tweet\"><blockquote class=\"twitter-tweet\" data-lang=\"es\"><p lang=\"es\" dir=\"ltr\"><a href=\"https:\/\/twitter.com\/hashtag\/OaxacaDeLuto?src=hash&amp;ref_src=twsrc%5Etfw\">#OaxacaDeLuto<\/a><a href=\"https:\/\/twitter.com\/hashtag\/M%C3%A9xicoDeLuto?src=hash&amp;ref_src=twsrc%5Etfw\">#M\u00e9xicoDeLuto<\/a><br>Un t\u00edmido pajarito trina entre las bugambilias; el patio del IAGO sigue lleno de recuerdos y nostalgias. Y de pinceles, mazorcas, veladoras, mensajes de cari\u00f1o a Toledo. Cuarto d\u00eda de la partida del maestro. <a href=\"https:\/\/t.co\/AXDPyabjsR\">pic.twitter.com\/AXDPyabjsR<\/a><\/p>&mdash; Zona Roja Oaxaca (@MexRoja) <a href=\"https:\/\/twitter.com\/MexRoja\/status\/1170846266340839424?ref_src=twsrc%5Etfw\">8 de septiembre de 2019<\/a><\/blockquote><\/div>\n<\/div><\/figure>\n\n\n\n<p>Domingo de\nflores, de visitas, de sollozos. La fachada del n\u00famero 507 de calle de Alcal\u00e1 sigue\nrepleta de coronas; a un costado de las escalinatas de acceso, siguen las\nveladoras a medio consumir, esas que llenaron de luz la noche del jueves.<\/p>\n\n\n\n<p>Domingo de\nsol, de intensa luz, de cielo l\u00edmpido oaxaque\u00f1o. Pero tambi\u00e9n de tristezas. Las\ncalles no son las mismas. <\/p>\n\n\n\n<p>Desde de\nMurgu\u00eda casi esquina con avenida Ju\u00e1rez, part\u00eda Toledo casi todos los d\u00edas por\nla ma\u00f1ana. Compraba sus peri\u00f3dicos y los pon\u00eda bajo el brazo, manos en la\nbolsa, cruzaba casi siempre por 5 de Mayo y Gurri\u00f3n, para llegar a Alcal\u00e1, al\nIAGO, donde despachaba sus asuntos.<\/p>\n\n\n\n<p>No era un\nhombre de sociedad, ni de fotos ni de discursos ni de poses. Era un hombre de\nhechos; t\u00edmido s\u00ed, pero bromista; detr\u00e1s de esa cara arrugada y ese disperso\npelo largo y entrecano, hab\u00eda sonrisas. <\/p>\n\n\n\n<p>Las calles\nya no son las mismas, ni con el intenso sol. Ya no perciben el \u00e1gil paso de los\nra\u00eddos huaraches de aquel hombre con pantal\u00f3n caqui y camisa de manga larga,\narrugada.<\/p>\n\n\n\n<p>Domingo de\nluz pero de l\u00e1grimas. Al Instituto sigue llegando la gente. Ve la foto del\nmaestro, los recuerdos en el altar improvisado:<\/p>\n\n\n\n<p>Pinceles,\nveladoras, dibujos de ni\u00f1os hechos a mano, un trabajo en plastilina con el\nnombre del artista; frutas, mazorcas, flores, m\u00e1s pinceles; colores y l\u00e1pices\ndesperdigados. Una hoja doblada, con alg\u00fan recuerdo; totopos, j\u00edcaras, m\u00e1s\nflores. <\/p>\n\n\n\n<p>\u201cGracias maestro Toledo por amar tanto esta tierra. As dejado grandes semillas\u201d, dice un letrero en una media carpeta, firmada de parte de Cholula, Puebla. \u201cVuela alto, que las otras realidades que sembraste son los sue\u00f1os por los que trabajamos\u201d escribi\u00f3 Cholollan radio.<\/p>\n\n\n\n<figure class=\"wp-block-embed-twitter wp-block-embed is-type-rich is-provider-twitter\"><div class=\"wp-block-embed__wrapper\">\n<div class=\"twitter-tweet\"><blockquote class=\"twitter-tweet\" data-lang=\"es\"><p lang=\"es\" dir=\"ltr\"><a href=\"https:\/\/twitter.com\/hashtag\/OaxacaDeLuto?src=hash&amp;ref_src=twsrc%5Etfw\">#OaxacaDeLuto<\/a><a href=\"https:\/\/twitter.com\/hashtag\/M%C3%A9xicoDeLuto?src=hash&amp;ref_src=twsrc%5Etfw\">#M\u00e9xicoDeLuto<\/a><br>\u00bfPor qui\u00e9n doblan las campanas? \u00bfPor el hombre? \u00bfEl artista? \u00bfEl activista? \u00bfEl defensor de las causas sociales? \u00bfEl ser humano? \u00bfPor el activsta? <br>Por todos&#8230; <br>Las calles que Francisco Toledo camin\u00f3 huelen a tristeza, a nostalgia, a l\u00e1grimas eternas. <a href=\"https:\/\/t.co\/Q1Hr01FkRS\">pic.twitter.com\/Q1Hr01FkRS<\/a><\/p>&mdash; Zona Roja Oaxaca (@MexRoja) <a href=\"https:\/\/twitter.com\/MexRoja\/status\/1170754603404681217?ref_src=twsrc%5Etfw\">8 de septiembre de 2019<\/a><\/blockquote><\/div>\n<\/div><\/figure>\n\n\n\n<p>La gente\nllega. Poco falta para que se persigne ante su \u00eddolo, ante el benefactor. En\notra mesa, un hombre de negro se enjuga las l\u00e1grimas. Pasa rato en la tristeza.\n<\/p>\n\n\n\n<p>Domingo de\nvisitas, de despedidas, de nostalgia. La mujer no cesa de llorar. Se lamenta no\nhaber estado en el momento m\u00e1s dif\u00edcil de la vida de Toledo. <\/p>\n\n\n\n<p>Se arrepiente. Llora en silencio. No se quiere ir para regresar a la capital del pa\u00eds. No sin su Toledo, del que tanto escribi\u00f3. Al que tanto am\u00f3. La vida ya no es la misma sin Toledo.<\/p>\n\n\n\n<figure class=\"wp-block-image\"><img decoding=\"async\" width=\"1024\" height=\"768\" src=\"http:\/\/www.zonaroja.com.mx\/wp-content\/uploads\/2019\/09\/2fd64dd2-5fcc-4897-854c-4deed8541141-1024x768.jpg\" alt=\"\" class=\"wp-image-3782\" srcset=\"https:\/\/zonaroja.com.mx\/wp-content\/uploads\/2019\/09\/2fd64dd2-5fcc-4897-854c-4deed8541141-1024x768.jpg 1024w, https:\/\/zonaroja.com.mx\/wp-content\/uploads\/2019\/09\/2fd64dd2-5fcc-4897-854c-4deed8541141-300x225.jpg 300w, https:\/\/zonaroja.com.mx\/wp-content\/uploads\/2019\/09\/2fd64dd2-5fcc-4897-854c-4deed8541141-768x576.jpg 768w, https:\/\/zonaroja.com.mx\/wp-content\/uploads\/2019\/09\/2fd64dd2-5fcc-4897-854c-4deed8541141-585x439.jpg 585w, https:\/\/zonaroja.com.mx\/wp-content\/uploads\/2019\/09\/2fd64dd2-5fcc-4897-854c-4deed8541141.jpg 1152w\" sizes=\"(max-width: 1024px) 100vw, 1024px\" \/><\/figure>\n","protected":false},"excerpt":{"rendered":"<p>Ismael Garc\u00eda M.\/Zona Roja. Foto: Ismael Garc\u00eda Oaxaca de Ju\u00e1rez, Oax., 8 de septiembre de&hellip;<\/p>\n","protected":false},"author":2,"featured_media":3781,"comment_status":"closed","ping_status":"open","sticky":false,"template":"","format":"standard","meta":{"_lmt_disableupdate":"","_lmt_disable":"","_jetpack_memberships_contains_paid_content":false,"footnotes":""},"categories":[109,47],"tags":[677],"class_list":["post-3780","post","type-post","status-publish","format-standard","has-post-thumbnail","hentry","category-minuto-a-minuto","category-zona-gris","tag-francisco-toledo"],"jetpack_featured_media_url":"https:\/\/zonaroja.com.mx\/wp-content\/uploads\/2019\/09\/888f068f-a0a5-4aed-8f90-31fbf73f1b01.jpg","jetpack_sharing_enabled":true,"_links":{"self":[{"href":"https:\/\/zonaroja.com.mx\/index.php?rest_route=\/wp\/v2\/posts\/3780","targetHints":{"allow":["GET"]}}],"collection":[{"href":"https:\/\/zonaroja.com.mx\/index.php?rest_route=\/wp\/v2\/posts"}],"about":[{"href":"https:\/\/zonaroja.com.mx\/index.php?rest_route=\/wp\/v2\/types\/post"}],"author":[{"embeddable":true,"href":"https:\/\/zonaroja.com.mx\/index.php?rest_route=\/wp\/v2\/users\/2"}],"replies":[{"embeddable":true,"href":"https:\/\/zonaroja.com.mx\/index.php?rest_route=%2Fwp%2Fv2%2Fcomments&post=3780"}],"version-history":[{"count":1,"href":"https:\/\/zonaroja.com.mx\/index.php?rest_route=\/wp\/v2\/posts\/3780\/revisions"}],"predecessor-version":[{"id":3783,"href":"https:\/\/zonaroja.com.mx\/index.php?rest_route=\/wp\/v2\/posts\/3780\/revisions\/3783"}],"wp:featuredmedia":[{"embeddable":true,"href":"https:\/\/zonaroja.com.mx\/index.php?rest_route=\/wp\/v2\/media\/3781"}],"wp:attachment":[{"href":"https:\/\/zonaroja.com.mx\/index.php?rest_route=%2Fwp%2Fv2%2Fmedia&parent=3780"}],"wp:term":[{"taxonomy":"category","embeddable":true,"href":"https:\/\/zonaroja.com.mx\/index.php?rest_route=%2Fwp%2Fv2%2Fcategories&post=3780"},{"taxonomy":"post_tag","embeddable":true,"href":"https:\/\/zonaroja.com.mx\/index.php?rest_route=%2Fwp%2Fv2%2Ftags&post=3780"}],"curies":[{"name":"wp","href":"https:\/\/api.w.org\/{rel}","templated":true}]}}