{"id":37804,"date":"2022-02-19T08:18:04","date_gmt":"2022-02-19T14:18:04","guid":{"rendered":"http:\/\/www.zonaroja.com.mx\/?p=37804"},"modified":"2022-02-19T08:18:06","modified_gmt":"2022-02-19T14:18:06","slug":"invita-pjeo-a-conferencia-virtual-sobre-medios-alternativos-de-solucion-de-conflictos","status":"publish","type":"post","link":"https:\/\/zonaroja.com.mx\/?p=37804","title":{"rendered":"Invita PJEO a conferencia virtual sobre medios alternativos de soluci\u00f3n de conflictos"},"content":{"rendered":"\n<p>Redacci\u00f3n\/Zona Roja.<\/p>\n\n\n\n<p>Oaxaca de Ju\u00e1rez, Oax., 19 de febrero de 2022.- El Poder Judicial del Estado invita a seguir la conferencia virtual que con el tema \u201cLos Medios Alternativos de Soluci\u00f3n de Conflictos en la pandemia\u201d, impartir\u00e1 la directora del Centro de Justicia Alternativa del Consejo de la Judicatura, Betzzaida Cruz Mendoza, el pr\u00f3ximo lunes 21 de febrero, a partir de las 9:00 horas, a trav\u00e9s de plataformas Facebook Live.<\/p>\n\n\n\n<p>Este Centro se enfoca en la atenci\u00f3n de conflictos en casos como en materia civil respecto a las controversias que deriven de relaciones entre particulares, sean personas f\u00edsicas o morales; en materia mercantil, las relacionadas de actos de comercio; en materia familiar, las controversias que deriven de las relaciones entre las personas que se encuentren unidas en matrimonio, concubinato, sociedad de convivencia o, aun cuando no se encuentren en dichos supuestos, tengan hijos en com\u00fan.<\/p>\n\n\n\n<p>As\u00ed como los que surjan de esas relaciones con terceros; por sucesiones testamentarias e intestamentarias; en materia penal, las controversias entre particulares, originadas por la comisi\u00f3n de una conducta determinada como delito por las leyes y en materia de justicia para adolescentes que involucren a personas mayores de doce a\u00f1os y menores de dieciocho a\u00f1os de edad, siempre que dichas conductas no sean consideradas como delitos graves.<\/p>\n\n\n\n<p>La conferencia virtual, que se realizar\u00e1 a invitaci\u00f3n de la Barra Mexicana Colegio de Abogados A.C., Cap\u00edtulo Oaxaca, se transmitir\u00e1 a trav\u00e9s del Facebook Live @BMA_Abogados y las redes sociales de la instituci\u00f3n, en Facebook: Tribunal Superior de Justicia de Oaxaca y en Twitter @tsjoaxaca.<\/p>\n","protected":false},"excerpt":{"rendered":"<p>Redacci\u00f3n\/Zona Roja. Oaxaca de Ju\u00e1rez, Oax., 19 de febrero de 2022.- El Poder Judicial del&hellip;<\/p>\n","protected":false},"author":2,"featured_media":37805,"comment_status":"closed","ping_status":"open","sticky":false,"template":"","format":"standard","meta":{"_lmt_disableupdate":"","_lmt_disable":"","_jetpack_memberships_contains_paid_content":false,"footnotes":""},"categories":[109,47],"tags":[223],"class_list":["post-37804","post","type-post","status-publish","format-standard","has-post-thumbnail","hentry","category-minuto-a-minuto","category-zona-gris","tag-poder-judicial-de-oaxaca"],"jetpack_featured_media_url":"https:\/\/zonaroja.com.mx\/wp-content\/uploads\/2022\/02\/01-CARTEL.jpg","jetpack_sharing_enabled":true,"_links":{"self":[{"href":"https:\/\/zonaroja.com.mx\/index.php?rest_route=\/wp\/v2\/posts\/37804","targetHints":{"allow":["GET"]}}],"collection":[{"href":"https:\/\/zonaroja.com.mx\/index.php?rest_route=\/wp\/v2\/posts"}],"about":[{"href":"https:\/\/zonaroja.com.mx\/index.php?rest_route=\/wp\/v2\/types\/post"}],"author":[{"embeddable":true,"href":"https:\/\/zonaroja.com.mx\/index.php?rest_route=\/wp\/v2\/users\/2"}],"replies":[{"embeddable":true,"href":"https:\/\/zonaroja.com.mx\/index.php?rest_route=%2Fwp%2Fv2%2Fcomments&post=37804"}],"version-history":[{"count":1,"href":"https:\/\/zonaroja.com.mx\/index.php?rest_route=\/wp\/v2\/posts\/37804\/revisions"}],"predecessor-version":[{"id":37806,"href":"https:\/\/zonaroja.com.mx\/index.php?rest_route=\/wp\/v2\/posts\/37804\/revisions\/37806"}],"wp:featuredmedia":[{"embeddable":true,"href":"https:\/\/zonaroja.com.mx\/index.php?rest_route=\/wp\/v2\/media\/37805"}],"wp:attachment":[{"href":"https:\/\/zonaroja.com.mx\/index.php?rest_route=%2Fwp%2Fv2%2Fmedia&parent=37804"}],"wp:term":[{"taxonomy":"category","embeddable":true,"href":"https:\/\/zonaroja.com.mx\/index.php?rest_route=%2Fwp%2Fv2%2Fcategories&post=37804"},{"taxonomy":"post_tag","embeddable":true,"href":"https:\/\/zonaroja.com.mx\/index.php?rest_route=%2Fwp%2Fv2%2Ftags&post=37804"}],"curies":[{"name":"wp","href":"https:\/\/api.w.org\/{rel}","templated":true}]}}