{"id":37807,"date":"2022-02-19T10:07:08","date_gmt":"2022-02-19T16:07:08","guid":{"rendered":"http:\/\/www.zonaroja.com.mx\/?p=37807"},"modified":"2022-02-19T10:07:17","modified_gmt":"2022-02-19T16:07:17","slug":"la-uabjo-se-suma-a-las-jornadas-integrales-de-salud","status":"publish","type":"post","link":"https:\/\/zonaroja.com.mx\/?p=37807","title":{"rendered":"La UABJO se suma a las Jornadas Integrales de Salud"},"content":{"rendered":"\n<p>Redacci\u00f3n\/Zona Roja.<\/p>\n\n\n\n<p>Oaxaca de Ju\u00e1rez, Oax., 19 de febrero de 2022.- Como parte del apoyo solidario que caracteriza a la Universidad Aut\u00f3noma \u201cBenito Ju\u00e1rez\u201d de Oaxaca, decenas de estudiantes de las Facultades de Medicina y Cirug\u00eda, Odontolog\u00eda y Enfermer\u00eda, participan en las Jornadas Integrales de Salud.<\/p>\n\n\n\n<p>As\u00ed lo dio a conocer el rector de la UABJO, Eduardo Bautista Mart\u00ednez, en el acto inaugural realizado en la agencia municipal de Trinidad de Viguera, el pasado 6 de febrero, ante autoridades municipales y universitarias.<\/p>\n\n\n\n<p>Durante su participaci\u00f3n, reconoci\u00f3 la importancia de las y los voluntarios que colaborar\u00e1n para brindar atenci\u00f3n a la poblaci\u00f3n que habita en las 13 agencias municipales de la capital oaxaque\u00f1a.<\/p>\n\n\n\n<p>\u201cLa presencia de estos m\u00f3dulos ratifica el compromiso social y educativo en las nuevas generaciones de profesionales de la salud, as\u00ed como la vinculaci\u00f3n institucional y la formaci\u00f3n humanista\u201d, coment\u00f3.<\/p>\n\n\n\n<p>Cabe mencionar que los servicios gratuitos que se ofrecen son: consultas m\u00e9dicas generales y referencias de atenci\u00f3n en los casos necesarios.<\/p>\n\n\n\n<p>En el \u00e1rea de enfermer\u00eda se realiza la toma de signos vitales, somatometr\u00eda, toma de glucosa, detecci\u00f3n oportuna del c\u00e1ncer de mama, pl\u00e1ticas de prevenci\u00f3n como son el lavado correcto de manos y nutrici\u00f3n, principalmente.<\/p>\n\n\n\n<p>Para Odontolog\u00eda se cuenta con tres m\u00f3dulos, el primero es el preventivo que se enfoca a la limpieza dental, cepillado profesional o pulido de dientes, colocaci\u00f3n de selladores en fosetas y fisuras a molares permanentes de ni\u00f1os y ni\u00f1as a partir de los seis a\u00f1os, as\u00ed como barniz de fl\u00faor.<\/p>\n\n\n\n<p>El segundo corresponde a Operatoria Dental en donde se llevan a cabo restauraciones dentales y el tercero es el del \u00e1rea Quir\u00fargica en la cual se hacen extracciones y cirug\u00edas.<\/p>\n\n\n\n<p>De manera simult\u00e1nea se efect\u00faa el Festival de la Salud dedicado a ni\u00f1os y ni\u00f1as, donde estudiantes de Enfermer\u00eda les orientan sobre el cepillado, lavado de manos y temas de salud preventivos, utilizando diversos juegos y din\u00e1micas.<\/p>\n\n\n\n<p>As\u00ed lo dio a conocer el Coordinador General de dichos m\u00f3dulos, C\u00e9sar Z\u00e1rate Ortiz, quien tambi\u00e9n mencion\u00f3 que ya se atendi\u00f3 a la agencia municipal de Trinidad de Viguera y del Ejido Guadalupe Victoria.<\/p>\n\n\n\n<p>De esta manera se continuar\u00e1 con las localidades restantes, mismas a las que se les informar\u00e1 de manera oportuna.<\/p>\n","protected":false},"excerpt":{"rendered":"<p>Redacci\u00f3n\/Zona Roja. Oaxaca de Ju\u00e1rez, Oax., 19 de febrero de 2022.- Como parte del apoyo&hellip;<\/p>\n","protected":false},"author":2,"featured_media":37808,"comment_status":"closed","ping_status":"open","sticky":false,"template":"","format":"standard","meta":{"_lmt_disableupdate":"","_lmt_disable":"","_jetpack_memberships_contains_paid_content":false,"footnotes":""},"categories":[109,46],"tags":[239],"class_list":["post-37807","post","type-post","status-publish","format-standard","has-post-thumbnail","hentry","category-minuto-a-minuto","category-zona-blanca","tag-uabjo"],"jetpack_featured_media_url":"https:\/\/zonaroja.com.mx\/wp-content\/uploads\/2022\/02\/Jornadas-Salud-UABJO.jpg","jetpack_sharing_enabled":true,"_links":{"self":[{"href":"https:\/\/zonaroja.com.mx\/index.php?rest_route=\/wp\/v2\/posts\/37807","targetHints":{"allow":["GET"]}}],"collection":[{"href":"https:\/\/zonaroja.com.mx\/index.php?rest_route=\/wp\/v2\/posts"}],"about":[{"href":"https:\/\/zonaroja.com.mx\/index.php?rest_route=\/wp\/v2\/types\/post"}],"author":[{"embeddable":true,"href":"https:\/\/zonaroja.com.mx\/index.php?rest_route=\/wp\/v2\/users\/2"}],"replies":[{"embeddable":true,"href":"https:\/\/zonaroja.com.mx\/index.php?rest_route=%2Fwp%2Fv2%2Fcomments&post=37807"}],"version-history":[{"count":1,"href":"https:\/\/zonaroja.com.mx\/index.php?rest_route=\/wp\/v2\/posts\/37807\/revisions"}],"predecessor-version":[{"id":37809,"href":"https:\/\/zonaroja.com.mx\/index.php?rest_route=\/wp\/v2\/posts\/37807\/revisions\/37809"}],"wp:featuredmedia":[{"embeddable":true,"href":"https:\/\/zonaroja.com.mx\/index.php?rest_route=\/wp\/v2\/media\/37808"}],"wp:attachment":[{"href":"https:\/\/zonaroja.com.mx\/index.php?rest_route=%2Fwp%2Fv2%2Fmedia&parent=37807"}],"wp:term":[{"taxonomy":"category","embeddable":true,"href":"https:\/\/zonaroja.com.mx\/index.php?rest_route=%2Fwp%2Fv2%2Fcategories&post=37807"},{"taxonomy":"post_tag","embeddable":true,"href":"https:\/\/zonaroja.com.mx\/index.php?rest_route=%2Fwp%2Fv2%2Ftags&post=37807"}],"curies":[{"name":"wp","href":"https:\/\/api.w.org\/{rel}","templated":true}]}}