{"id":37810,"date":"2022-02-19T16:31:50","date_gmt":"2022-02-19T22:31:50","guid":{"rendered":"http:\/\/www.zonaroja.com.mx\/?p=37810"},"modified":"2022-02-19T16:31:53","modified_gmt":"2022-02-19T22:31:53","slug":"no-para-ola-criminal-en-la-ciudad-de-oaxaca-ahora-matan-a-un-joven","status":"publish","type":"post","link":"https:\/\/zonaroja.com.mx\/?p=37810","title":{"rendered":"No para ola criminal en la ciudad de Oaxaca; ahora matan a un joven"},"content":{"rendered":"\n<p>Ismael Garc\u00eda M.\/Zona Roja.<\/p>\n\n\n\n<p>Oaxaca de Ju\u00e1rez, Oax., 19 de febrero de 2022.- En los primeros minutos de este s\u00e1bado perdi\u00f3 la vida un joven, quien fue atacado a balazos en el municipio de Oaxaca de Ju\u00e1rez.<\/p>\n\n\n\n<p>Este nuevo crimen se registra a menos de 48 horas en que dos personas fueron lesionadas por disparos de arma de fuego, entre ellas una mujer, y quienes se debaten entre la vida y la muerte.<\/p>\n\n\n\n<p>El suceso de este 19 de febrero se registr\u00f3 en la zona de la mojonera, en la colonia Heladio Ram\u00edrez L\u00f3pez, en inmediaciones de la avenida Jos\u00e9 Murat.<\/p>\n\n\n\n<p>Sujetos armados atacaron a balazos al joven de aproximadamente 23 a\u00f1os de edad, identificado como Rolando Antonio R. L., quien perdi\u00f3 la vida en el instante.<\/p>\n\n\n\n<p>Param\u00e9dicos arribaron al lugar para brindarle atenci\u00f3n m\u00e9dica, pero corroboraron que ya no contaba con signos vitales. Hasta el momento se desconoce qui\u00e9n o qui\u00e9nes lo ejecutaron a balazos.<\/p>\n","protected":false},"excerpt":{"rendered":"<p>Ismael Garc\u00eda M.\/Zona Roja. Oaxaca de Ju\u00e1rez, Oax., 19 de febrero de 2022.- En los&hellip;<\/p>\n","protected":false},"author":2,"featured_media":7486,"comment_status":"closed","ping_status":"open","sticky":false,"template":"","format":"standard","meta":{"_lmt_disableupdate":"","_lmt_disable":"","_jetpack_memberships_contains_paid_content":false,"footnotes":""},"categories":[109,51],"tags":[148],"class_list":["post-37810","post","type-post","status-publish","format-standard","has-post-thumbnail","hentry","category-minuto-a-minuto","category-zona-roja","tag-oaxaca-de-juarez"],"jetpack_featured_media_url":"https:\/\/zonaroja.com.mx\/wp-content\/uploads\/2020\/01\/Escena-del-crimen7.jpg","jetpack_sharing_enabled":true,"_links":{"self":[{"href":"https:\/\/zonaroja.com.mx\/index.php?rest_route=\/wp\/v2\/posts\/37810","targetHints":{"allow":["GET"]}}],"collection":[{"href":"https:\/\/zonaroja.com.mx\/index.php?rest_route=\/wp\/v2\/posts"}],"about":[{"href":"https:\/\/zonaroja.com.mx\/index.php?rest_route=\/wp\/v2\/types\/post"}],"author":[{"embeddable":true,"href":"https:\/\/zonaroja.com.mx\/index.php?rest_route=\/wp\/v2\/users\/2"}],"replies":[{"embeddable":true,"href":"https:\/\/zonaroja.com.mx\/index.php?rest_route=%2Fwp%2Fv2%2Fcomments&post=37810"}],"version-history":[{"count":1,"href":"https:\/\/zonaroja.com.mx\/index.php?rest_route=\/wp\/v2\/posts\/37810\/revisions"}],"predecessor-version":[{"id":37811,"href":"https:\/\/zonaroja.com.mx\/index.php?rest_route=\/wp\/v2\/posts\/37810\/revisions\/37811"}],"wp:featuredmedia":[{"embeddable":true,"href":"https:\/\/zonaroja.com.mx\/index.php?rest_route=\/wp\/v2\/media\/7486"}],"wp:attachment":[{"href":"https:\/\/zonaroja.com.mx\/index.php?rest_route=%2Fwp%2Fv2%2Fmedia&parent=37810"}],"wp:term":[{"taxonomy":"category","embeddable":true,"href":"https:\/\/zonaroja.com.mx\/index.php?rest_route=%2Fwp%2Fv2%2Fcategories&post=37810"},{"taxonomy":"post_tag","embeddable":true,"href":"https:\/\/zonaroja.com.mx\/index.php?rest_route=%2Fwp%2Fv2%2Ftags&post=37810"}],"curies":[{"name":"wp","href":"https:\/\/api.w.org\/{rel}","templated":true}]}}