{"id":37812,"date":"2022-02-19T16:42:55","date_gmt":"2022-02-19T22:42:55","guid":{"rendered":"http:\/\/www.zonaroja.com.mx\/?p=37812"},"modified":"2022-02-19T16:42:59","modified_gmt":"2022-02-19T22:42:59","slug":"dan-35-anos-de-prision-a-responsable-de-crimen-en-la-ciudad-de-oaxaca","status":"publish","type":"post","link":"https:\/\/zonaroja.com.mx\/?p=37812","title":{"rendered":"Dan 35 a\u00f1os de prisi\u00f3n a responsable de crimen en la ciudad de Oaxaca"},"content":{"rendered":"\n<p>Redacci\u00f3n\/Zona Roja.<\/p>\n\n\n\n<p>Oaxaca de Ju\u00e1rez, Oax., 19 de febrero de 2022.- La Fiscal\u00eda General del Estado de Oaxaca (FGEO) obtuvo del Tribunal de Enjuiciamiento, sentencia condenatoria de 35 a\u00f1os de prisi\u00f3n contra la persona del sexo masculino identificado como L. R. P., responsable del delito de homicidio calificado en agravio de quien en vida respondi\u00f3 al nombre de F. G. G., cometido en diciembre de 2017, en la ciudad de Oaxaca de Ju\u00e1rez, en la regi\u00f3n de Valles Centrales.<\/p>\n\n\n\n<p>De acuerdo con la carpeta de investigaci\u00f3n 1194\/FEDAI\/2017, el 4 de diciembre de 2017, aproximadamente a las 05:00 horas, el imputado someti\u00f3 a la v\u00edctima en el interior de su domicilio ubicado en la colonia Azucenas de San Mart\u00edn Mexic\u00e1pam y posteriormente lo entreg\u00f3 a un grupo de aproximadamente 100 personas quienes golpearon a la v\u00edctima.<\/p>\n\n\n\n<p>Luego de ser agredida por colonos, la v\u00edctima fue rescatada por polic\u00edas municipales. Sin embargo, la gravedad de sus lesiones le provocaron la muerte.<\/p>\n\n\n\n<p>Ante este delito, la instituci\u00f3n de procuraci\u00f3n de justicia inici\u00f3 las investigaciones correspondientes -a trav\u00e9s de la Fiscal\u00eda Especializada en Atenci\u00f3n a Delitos de Alto Impacto-, logrando identificar, aprehender y presentar al imputado ante el Juez de la causa, quien determin\u00f3 vincularlo a proceso.<\/p>\n\n\n\n<p>En audiencia, el Tribunal de Enjuiciamiento dict\u00f3 sentencia condenatoria contra L. R. P., imponiendo la pena de 35 a\u00f1os de prisi\u00f3n adem\u00e1s que orden\u00f3 el pago de m\u00e1s de 377 mil pesos por concepto de reparaci\u00f3n del da\u00f1o.<\/p>\n\n\n\n<p>Y 18 A\u00d1OS A VIOLADOR<\/p>\n\n\n\n<p>En otro caso, la Fiscal\u00eda General del Estado de Oaxaca (FGEO) obtuvo, del Tribunal de Enjuiciamiento, sentencia condenatoria de 18 a\u00f1os de prisi\u00f3n contra la persona del sexo masculino identificada como S. F. G. C., responsable del delito de violaci\u00f3n agravada contra una adolescente, cometido en noviembre de 2018, en jurisdicci\u00f3n de Santo Domingo Tehuantepec, en la regi\u00f3n del Istmo.<\/p>\n\n\n\n<p>De acuerdo con la causa penal 245\/2019, el 2 de noviembre de 2018, aproximadamente a las 23:00 horas, el imputado agredi\u00f3 de manera sexual a la v\u00edctima en el interior de su domicilio particular, ubicado en la colonia Benito Ju\u00e1rez, perteneciente al referido municipio.<\/p>\n\n\n\n<p>Ante este hecho y tras la denuncia presentada, la Instituci\u00f3n de procuraci\u00f3n de justicia atrajo la investigaci\u00f3n -a trav\u00e9s de la Vicefiscal\u00eda Regional del Istmo-, cumplimentando la orden de aprehensi\u00f3n contra el imputado, siendo presentado ante el Juez de la causa, quien determin\u00f3 vincularlo a proceso.<\/p>\n\n\n\n<p>En audiencia, el Tribunal de Enjuiciamiento dict\u00f3 sentencia condenatoria de 18 a\u00f1os de prisi\u00f3n contra S. F. G. C., ordenando el pago de 60 mil pesos por concepto de reparaci\u00f3n del da\u00f1o.<\/p>\n","protected":false},"excerpt":{"rendered":"<p>Redacci\u00f3n\/Zona Roja. Oaxaca de Ju\u00e1rez, Oax., 19 de febrero de 2022.- La Fiscal\u00eda General del&hellip;<\/p>\n","protected":false},"author":2,"featured_media":37281,"comment_status":"closed","ping_status":"open","sticky":false,"template":"","format":"standard","meta":{"_lmt_disableupdate":"","_lmt_disable":"","_jetpack_memberships_contains_paid_content":false,"footnotes":""},"categories":[109,46],"tags":[494],"class_list":["post-37812","post","type-post","status-publish","format-standard","has-post-thumbnail","hentry","category-minuto-a-minuto","category-zona-blanca","tag-fiscalia-general-del-estado-de-oaxaca"],"jetpack_featured_media_url":"https:\/\/zonaroja.com.mx\/wp-content\/uploads\/2022\/02\/Sentencia-corte-tribunal-poder-judicial.jpg","jetpack_sharing_enabled":true,"_links":{"self":[{"href":"https:\/\/zonaroja.com.mx\/index.php?rest_route=\/wp\/v2\/posts\/37812","targetHints":{"allow":["GET"]}}],"collection":[{"href":"https:\/\/zonaroja.com.mx\/index.php?rest_route=\/wp\/v2\/posts"}],"about":[{"href":"https:\/\/zonaroja.com.mx\/index.php?rest_route=\/wp\/v2\/types\/post"}],"author":[{"embeddable":true,"href":"https:\/\/zonaroja.com.mx\/index.php?rest_route=\/wp\/v2\/users\/2"}],"replies":[{"embeddable":true,"href":"https:\/\/zonaroja.com.mx\/index.php?rest_route=%2Fwp%2Fv2%2Fcomments&post=37812"}],"version-history":[{"count":1,"href":"https:\/\/zonaroja.com.mx\/index.php?rest_route=\/wp\/v2\/posts\/37812\/revisions"}],"predecessor-version":[{"id":37813,"href":"https:\/\/zonaroja.com.mx\/index.php?rest_route=\/wp\/v2\/posts\/37812\/revisions\/37813"}],"wp:featuredmedia":[{"embeddable":true,"href":"https:\/\/zonaroja.com.mx\/index.php?rest_route=\/wp\/v2\/media\/37281"}],"wp:attachment":[{"href":"https:\/\/zonaroja.com.mx\/index.php?rest_route=%2Fwp%2Fv2%2Fmedia&parent=37812"}],"wp:term":[{"taxonomy":"category","embeddable":true,"href":"https:\/\/zonaroja.com.mx\/index.php?rest_route=%2Fwp%2Fv2%2Fcategories&post=37812"},{"taxonomy":"post_tag","embeddable":true,"href":"https:\/\/zonaroja.com.mx\/index.php?rest_route=%2Fwp%2Fv2%2Ftags&post=37812"}],"curies":[{"name":"wp","href":"https:\/\/api.w.org\/{rel}","templated":true}]}}