{"id":37817,"date":"2022-02-19T20:08:11","date_gmt":"2022-02-20T02:08:11","guid":{"rendered":"http:\/\/www.zonaroja.com.mx\/?p=37817"},"modified":"2022-02-19T20:08:13","modified_gmt":"2022-02-20T02:08:13","slug":"se-deslindan-autoridades-del-valle-de-etla-de-grupo-de-choque-contra-normalistas","status":"publish","type":"post","link":"https:\/\/zonaroja.com.mx\/?p=37817","title":{"rendered":"Se deslindan autoridades del valle de Etla de grupo de choque contra normalistas"},"content":{"rendered":"\n<p>Yuridiana Sosa\/Zona Roja.<\/p>\n\n\n\n<p>Oaxaca de Ju\u00e1rez, Oax., 19 de febrero de 2022.- Autoridades del valle de Etla se deslindaron de las acciones que emprendi\u00f3 un grupo de choque que este viernes arrib\u00f3 al bloqueo de la autopista en jurisdicci\u00f3n de San Pablo Etla y agredi\u00f3 al reportero Javier Santiago.<\/p>\n\n\n\n<p>En conferencia de prensa en la capital, los presidentes de San Pablo, Etla, Alfonso P\u00e9rez M\u00e9ndez, y San Agust\u00edn, Etla, Luis Rey Ortiz Santiago, aclararon su participaci\u00f3n para tratar de retirar el bloqueo que manten\u00edan los normalistas, pero la cual no est\u00e1 relacionada con la llegada de un grupo de hombres de forma violenta.<\/p>\n\n\n\n<p>Los ediles apuntaron que acudieron al punto del bloqueo para dialogar con los estudiantes normalistas y pedirles el retiro de la manifestaci\u00f3n, pero al no tener respuesta favorable se fueron del lugar.<\/p>\n\n\n\n<p>Apuntaron que aunque el acuerdo entre las autoridades del valle de eteco que participan en un frente &#8211;San Lorenzo, San Felipe Tejalapam y Guadalupe Etla&#8211; es evitar los cierres carreteros en la zona, no est\u00e1 en sus t\u00e9rminos actuar con violencia contra los manifestantes.<\/p>\n\n\n\n<p>Motivo por el que negaron la versi\u00f3n de ser las autoridades las que hab\u00edan enviado al grupo de choque que arrib\u00f3 despu\u00e9s que ellos se retiraron del lugar.<\/p>\n\n\n\n<p>Alfonso P\u00e9rez M\u00e9ndez lament\u00f3 la agresi\u00f3n al reportero Javier Santiago, a quien le brindaron el auxilio este viernes para ser atendido en una cl\u00ednica ante las lesiones que sufri\u00f3.<\/p>\n","protected":false},"excerpt":{"rendered":"<p>Yuridiana Sosa\/Zona Roja. Oaxaca de Ju\u00e1rez, Oax., 19 de febrero de 2022.- Autoridades del valle&hellip;<\/p>\n","protected":false},"author":2,"featured_media":37818,"comment_status":"closed","ping_status":"open","sticky":false,"template":"","format":"standard","meta":{"_lmt_disableupdate":"","_lmt_disable":"","_jetpack_memberships_contains_paid_content":false,"footnotes":""},"categories":[109,47],"tags":[],"class_list":["post-37817","post","type-post","status-publish","format-standard","has-post-thumbnail","hentry","category-minuto-a-minuto","category-zona-gris"],"jetpack_featured_media_url":"https:\/\/zonaroja.com.mx\/wp-content\/uploads\/2022\/02\/Conferencia-autoridades-Etla-bloqueo.jpg","jetpack_sharing_enabled":true,"_links":{"self":[{"href":"https:\/\/zonaroja.com.mx\/index.php?rest_route=\/wp\/v2\/posts\/37817","targetHints":{"allow":["GET"]}}],"collection":[{"href":"https:\/\/zonaroja.com.mx\/index.php?rest_route=\/wp\/v2\/posts"}],"about":[{"href":"https:\/\/zonaroja.com.mx\/index.php?rest_route=\/wp\/v2\/types\/post"}],"author":[{"embeddable":true,"href":"https:\/\/zonaroja.com.mx\/index.php?rest_route=\/wp\/v2\/users\/2"}],"replies":[{"embeddable":true,"href":"https:\/\/zonaroja.com.mx\/index.php?rest_route=%2Fwp%2Fv2%2Fcomments&post=37817"}],"version-history":[{"count":1,"href":"https:\/\/zonaroja.com.mx\/index.php?rest_route=\/wp\/v2\/posts\/37817\/revisions"}],"predecessor-version":[{"id":37819,"href":"https:\/\/zonaroja.com.mx\/index.php?rest_route=\/wp\/v2\/posts\/37817\/revisions\/37819"}],"wp:featuredmedia":[{"embeddable":true,"href":"https:\/\/zonaroja.com.mx\/index.php?rest_route=\/wp\/v2\/media\/37818"}],"wp:attachment":[{"href":"https:\/\/zonaroja.com.mx\/index.php?rest_route=%2Fwp%2Fv2%2Fmedia&parent=37817"}],"wp:term":[{"taxonomy":"category","embeddable":true,"href":"https:\/\/zonaroja.com.mx\/index.php?rest_route=%2Fwp%2Fv2%2Fcategories&post=37817"},{"taxonomy":"post_tag","embeddable":true,"href":"https:\/\/zonaroja.com.mx\/index.php?rest_route=%2Fwp%2Fv2%2Ftags&post=37817"}],"curies":[{"name":"wp","href":"https:\/\/api.w.org\/{rel}","templated":true}]}}