{"id":37820,"date":"2022-02-19T20:45:54","date_gmt":"2022-02-20T02:45:54","guid":{"rendered":"http:\/\/www.zonaroja.com.mx\/?p=37820"},"modified":"2022-02-19T20:45:58","modified_gmt":"2022-02-20T02:45:58","slug":"sale-de-prision-ex-rector-de-la-uabjo-eduardo-martinez-helmes","status":"publish","type":"post","link":"https:\/\/zonaroja.com.mx\/?p=37820","title":{"rendered":"Sale de prisi\u00f3n ex rector de la UABJO, Eduardo Mart\u00ednez Helmes"},"content":{"rendered":"\n<p>Redacci\u00f3n\/Zona Roja.<\/p>\n\n\n\n<p>Oaxaca de Ju\u00e1rez, Oax., 19 de febrero de 2022.- Un mes y 20 d\u00edas despu\u00e9s de haber sido aprehendido, el ex rector de la UABJO, Eduardo Mart\u00ednez Helmes, sali\u00f3 esta noche en libertad condicionada y continuar\u00e1 el proceso judicial en su casa bajo arraigo domiciliario.<\/p>\n\n\n\n<p>\u201cPor medio del presente, hago de su conocimiento que con esta fecha fue modificada la medida cautelar definitiva consistente en la prisi\u00f3n preventiva, impuesta el 7 de enero del presente a\u00f1o, y fue cambiada por el arraigo domiciliario con la modalidad de vigilancia policiaca, la cual se va a cumplir en el domicilio ubicado en colonia Cieneguita\u201d, se\u00f1ala el documento firmado por el juez de Control del Poder Judicial del Estado.<\/p>\n\n\n\n<figure class=\"wp-block-embed is-type-rich is-provider-twitter wp-block-embed-twitter\"><div class=\"wp-block-embed__wrapper\">\n<div class=\"twitter-tweet\"><blockquote class=\"twitter-tweet\" data-lang=\"es\"><p lang=\"es\" dir=\"ltr\"><a href=\"https:\/\/twitter.com\/hashtag\/%C3%9AltimoMinuto?src=hash&amp;ref_src=twsrc%5Etfw\">#\u00daltimoMinuto<\/a> <br>Al corroborar que el delito que se le imputa no es grave, un juez del Poder Judicial de <a href=\"https:\/\/twitter.com\/hashtag\/Oaxaca?src=hash&amp;ref_src=twsrc%5Etfw\">#Oaxaca<\/a>, determin\u00f3 libertad condicional para el ex rector de la <a href=\"https:\/\/twitter.com\/UABJO?ref_src=twsrc%5Etfw\">@UABJO<\/a>, Eduardo Mart\u00ednez Helmes, quien continuar\u00e1 su proceso judicial bajo arraigo domiciliario. <a href=\"https:\/\/t.co\/HPuqjIVAmw\">pic.twitter.com\/HPuqjIVAmw<\/a><\/p>&mdash; Zona Roja Oaxaca (@ZonaRoja_Oaxaca) <a href=\"https:\/\/twitter.com\/ZonaRoja_Oaxaca\/status\/1495199312866951170?ref_src=twsrc%5Etfw\">20 de febrero de 2022<\/a><\/blockquote><\/div>\n<\/div><\/figure>\n\n\n\n<p>En el documento difundido esta tarde, el juez Ra\u00fal Oswaldo Bernal Flores expuso que, despu\u00e9s de la revisi\u00f3n de la medida cautelar definitiva en contra ex rector acusado como responsable del delito de equiparado a la defraudaci\u00f3n fiscal agravado en comisi\u00f3n por omisi\u00f3n, en agravio de la Hacienda P\u00fablica Estatal, se determin\u00f3 modificar su proceso al considerar que no es grave.<\/p>\n\n\n\n<p>Por ello, solicit\u00f3 que pongan en inmediata libertad al imputado, no obstante, regresar\u00e1 al centro penitenciario por \u201cunas horas\u201d solo para realizar los tr\u00e1mites administrativos correspondientes y posteriormente ser\u00e1 custodiado hasta su domicilio.<\/p>\n\n\n\n<p>Eduardo Mart\u00ednez Helmes, ex rector de la Universidad Aut\u00f3noma \u201cBenito Ju\u00e1rez\u201d de Oaxaca, fue detenido el pasado 31 de diciembre, acusado del delito de defraudaci\u00f3n fiscal agravado contra la Hacienda Estatal por un monto a\u00fan no precisado.<\/p>\n","protected":false},"excerpt":{"rendered":"<p>Redacci\u00f3n\/Zona Roja. Oaxaca de Ju\u00e1rez, Oax., 19 de febrero de 2022.- Un mes y 20&hellip;<\/p>\n","protected":false},"author":2,"featured_media":36193,"comment_status":"closed","ping_status":"open","sticky":false,"template":"","format":"standard","meta":{"_lmt_disableupdate":"","_lmt_disable":"","_jetpack_memberships_contains_paid_content":false,"footnotes":""},"categories":[109,47],"tags":[1347],"class_list":["post-37820","post","type-post","status-publish","format-standard","has-post-thumbnail","hentry","category-minuto-a-minuto","category-zona-gris","tag-eduardo-martinez-helmes"],"jetpack_featured_media_url":"https:\/\/zonaroja.com.mx\/wp-content\/uploads\/2022\/01\/Eduardo-Martinez-Helmes.jpg","jetpack_sharing_enabled":true,"_links":{"self":[{"href":"https:\/\/zonaroja.com.mx\/index.php?rest_route=\/wp\/v2\/posts\/37820","targetHints":{"allow":["GET"]}}],"collection":[{"href":"https:\/\/zonaroja.com.mx\/index.php?rest_route=\/wp\/v2\/posts"}],"about":[{"href":"https:\/\/zonaroja.com.mx\/index.php?rest_route=\/wp\/v2\/types\/post"}],"author":[{"embeddable":true,"href":"https:\/\/zonaroja.com.mx\/index.php?rest_route=\/wp\/v2\/users\/2"}],"replies":[{"embeddable":true,"href":"https:\/\/zonaroja.com.mx\/index.php?rest_route=%2Fwp%2Fv2%2Fcomments&post=37820"}],"version-history":[{"count":1,"href":"https:\/\/zonaroja.com.mx\/index.php?rest_route=\/wp\/v2\/posts\/37820\/revisions"}],"predecessor-version":[{"id":37821,"href":"https:\/\/zonaroja.com.mx\/index.php?rest_route=\/wp\/v2\/posts\/37820\/revisions\/37821"}],"wp:featuredmedia":[{"embeddable":true,"href":"https:\/\/zonaroja.com.mx\/index.php?rest_route=\/wp\/v2\/media\/36193"}],"wp:attachment":[{"href":"https:\/\/zonaroja.com.mx\/index.php?rest_route=%2Fwp%2Fv2%2Fmedia&parent=37820"}],"wp:term":[{"taxonomy":"category","embeddable":true,"href":"https:\/\/zonaroja.com.mx\/index.php?rest_route=%2Fwp%2Fv2%2Fcategories&post=37820"},{"taxonomy":"post_tag","embeddable":true,"href":"https:\/\/zonaroja.com.mx\/index.php?rest_route=%2Fwp%2Fv2%2Ftags&post=37820"}],"curies":[{"name":"wp","href":"https:\/\/api.w.org\/{rel}","templated":true}]}}