{"id":37822,"date":"2022-02-20T05:56:37","date_gmt":"2022-02-20T11:56:37","guid":{"rendered":"http:\/\/www.zonaroja.com.mx\/?p=37822"},"modified":"2022-02-20T05:56:40","modified_gmt":"2022-02-20T11:56:40","slug":"analiza-congreso-propuesta-para-garantizar-ejercicio-periodistico-de-manera-libre-y-segura","status":"publish","type":"post","link":"https:\/\/zonaroja.com.mx\/?p=37822","title":{"rendered":"Analiza Congreso propuesta para garantizar ejercicio period\u00edstico de manera libre y segura"},"content":{"rendered":"\n<p>Redacci\u00f3n\/Zona Roja.<\/p>\n\n\n\n<p>Oaxaca de Ju\u00e1rez, Oax., 20 de febrero de 2022.-&nbsp; Las diputadas y diputados del Congreso de Oaxaca analizan la propuesta presentada por la legisladora y presidenta de la Mesa Directiva de la 65 Legislatura, Mariana Ben\u00edtez Tiburcio, para exigir de manera conjunta a las autoridades federales y estatales de procuraci\u00f3n de justicia, investiguen los casos de las y los periodistas asesinados en M\u00e9xico y que la autoridad federal garantice protecci\u00f3n a periodistas.<\/p>\n\n\n\n<p>Derivado de que el jueves 10 febrero, el periodista H\u00e9ber L\u00f3pez fue asesinado en el municipio de Salina Cruz, convirti\u00e9ndose en el sexto a nivel nacional en lo que va de este 2022.<\/p>\n\n\n\n<p>Tambi\u00e9n, se pedir\u00eda asegurar la suficiencia de recursos humanos, materiales y financieros, capacitados en perspectiva de g\u00e9nero para el personal encargado de garantizar la protecci\u00f3n de las y los periodistas, adem\u00e1s de permitir la pronta intervenci\u00f3n en la regiones del pa\u00eds, as\u00ed como los servicios de asesor\u00eda jur\u00eddica y de acompa\u00f1amiento para las y los beneficiados, de acuerdo a las recomendaciones emitidas por la Oficina en M\u00e9xico del Alto Comisionado de las Naciones Unidas para los Derechos Humanos (ONU-DH).<\/p>\n\n\n\n<p>As\u00ed mismo, en esta propuesta se invitar\u00eda a las autoridades federales a que se abstengan de realizar se\u00f1alamientos de acusaciones contra el periodismo cr\u00edtico a nivel nacional y respalden la libertad de expresi\u00f3n de las y los periodistas en el pa\u00eds, promoviendo un modelo de prevenci\u00f3n de agresiones al gremio mencionado.<\/p>\n\n\n\n<p>Durante su participaci\u00f3n en la reciente sesi\u00f3n, la congresista Ben\u00edtez Tiburcio expuso que \u201clas mujeres y hombres que d\u00eda con d\u00eda alzan la voz por todas y todos nosotros, hoy toca garantizarles mejores condiciones para el ejercicio de su libertad y la de todas y todos los mexicanos\u201d.<\/p>\n\n\n\n<p>\u201cEsto es un asunto que nos concierne, pues limitar y reprimir el ejercicio period\u00edstico, representa una represi\u00f3n al ejercicio de la libertad de expresi\u00f3n de cualquier ciudadano, y con ellos, el sistema democr\u00e1tico que anhelamos\u201d, finaliz\u00f3 Mariana Ben\u00edtez.<\/p>\n","protected":false},"excerpt":{"rendered":"<p>Redacci\u00f3n\/Zona Roja. Oaxaca de Ju\u00e1rez, Oax., 20 de febrero de 2022.-&nbsp; Las diputadas y diputados&hellip;<\/p>\n","protected":false},"author":2,"featured_media":37823,"comment_status":"closed","ping_status":"open","sticky":false,"template":"","format":"standard","meta":{"_lmt_disableupdate":"","_lmt_disable":"","_jetpack_memberships_contains_paid_content":false,"footnotes":""},"categories":[109,46],"tags":[2969],"class_list":["post-37822","post","type-post","status-publish","format-standard","has-post-thumbnail","hentry","category-minuto-a-minuto","category-zona-blanca","tag-mariana-benitez-tiburcio"],"jetpack_featured_media_url":"https:\/\/zonaroja.com.mx\/wp-content\/uploads\/2022\/02\/Mariana-Benitez-Tiburcio-2.jpg","jetpack_sharing_enabled":true,"_links":{"self":[{"href":"https:\/\/zonaroja.com.mx\/index.php?rest_route=\/wp\/v2\/posts\/37822","targetHints":{"allow":["GET"]}}],"collection":[{"href":"https:\/\/zonaroja.com.mx\/index.php?rest_route=\/wp\/v2\/posts"}],"about":[{"href":"https:\/\/zonaroja.com.mx\/index.php?rest_route=\/wp\/v2\/types\/post"}],"author":[{"embeddable":true,"href":"https:\/\/zonaroja.com.mx\/index.php?rest_route=\/wp\/v2\/users\/2"}],"replies":[{"embeddable":true,"href":"https:\/\/zonaroja.com.mx\/index.php?rest_route=%2Fwp%2Fv2%2Fcomments&post=37822"}],"version-history":[{"count":1,"href":"https:\/\/zonaroja.com.mx\/index.php?rest_route=\/wp\/v2\/posts\/37822\/revisions"}],"predecessor-version":[{"id":37824,"href":"https:\/\/zonaroja.com.mx\/index.php?rest_route=\/wp\/v2\/posts\/37822\/revisions\/37824"}],"wp:featuredmedia":[{"embeddable":true,"href":"https:\/\/zonaroja.com.mx\/index.php?rest_route=\/wp\/v2\/media\/37823"}],"wp:attachment":[{"href":"https:\/\/zonaroja.com.mx\/index.php?rest_route=%2Fwp%2Fv2%2Fmedia&parent=37822"}],"wp:term":[{"taxonomy":"category","embeddable":true,"href":"https:\/\/zonaroja.com.mx\/index.php?rest_route=%2Fwp%2Fv2%2Fcategories&post=37822"},{"taxonomy":"post_tag","embeddable":true,"href":"https:\/\/zonaroja.com.mx\/index.php?rest_route=%2Fwp%2Fv2%2Ftags&post=37822"}],"curies":[{"name":"wp","href":"https:\/\/api.w.org\/{rel}","templated":true}]}}