{"id":37826,"date":"2022-02-20T12:00:00","date_gmt":"2022-02-20T18:00:00","guid":{"rendered":"http:\/\/www.zonaroja.com.mx\/?p=37826"},"modified":"2022-02-20T14:39:25","modified_gmt":"2022-02-20T20:39:25","slug":"opinion-un-muro-en-el-istmo","status":"publish","type":"post","link":"https:\/\/zonaroja.com.mx\/?p=37826","title":{"rendered":"Opini\u00f3n. Un muro en el Istmo"},"content":{"rendered":"\n<p>Diego Enrique Osorno*<\/p>\n\n\n\n<p>En el Corredor Interoce\u00e1nico proyectado a lo largo de los puertos de Salina Cruz y Coatzacoalcos, adem\u00e1s de ser una quimera con cara autoritaria y una larga cola de corrupci\u00f3n (ver Istmo, sue\u00f1o dictatorial y vor\u00e1gine, https:\/\/bit.ly\/3BmqKlJ), busca atender un mandato imperial: la creaci\u00f3n de un muro econ\u00f3mico que detenga el flujo de migrantes mexicanos del sur y centroamericanos hacia Estados Unidos.<\/p>\n\n\n\n<p>Aunque se centra en Oaxaca y Veracruz, el megaproyecto abarca tambi\u00e9n Tabasco y Chiapas, mediante la construcci\u00f3n y modernizaci\u00f3n de carreteras, v\u00edas f\u00e9rreas, gasoductos y oleoductos que estar\u00e1n al servicio de 10 complejos industriales.<\/p>\n\n\n\n<p>Todo esto implica un proceso de reconfiguraci\u00f3n territorial en marcha, que puede ser entendido mejor tras revisar el informe de la organizaci\u00f3n civil Poder, elaborado por Isabel Clavijo, as\u00ed como el estudio de Marco Antonio V\u00e1zquez Vidal, antrop\u00f3logo anarquista y de origen ayuujk, uno de los once pueblos ind\u00edgenas que habitan la regi\u00f3n.<\/p>\n\n\n\n<p>Mediante una fraudulenta consulta popular, acompa\u00f1ada de ataques, coerci\u00f3n y compra de voluntades, grupos pol\u00edticos y empresariales quieren destruir la organizaci\u00f3n social existente para avanzar en el proceso de despojo de tierras que busca no solo la ejecuci\u00f3n de las obras oficiales del corredor, sino la respectiva especulaci\u00f3n inmobiliaria, comercial y tur\u00edstica.<\/p>\n\n\n\n<p>Pero lo que resuena tambi\u00e9n es el restablecimiento de un viejo plan de la nomenklatura estadunidense: convertir el Istmo de Tehuantepec en una base que, aunque sea operada por el gobierno mexicano, queda enmarcada dentro de su agenda geoestrat\u00e9gica de seguridad nacional.<\/p>\n\n\n\n<p>Inspirado en su principal figura de referencia hist\u00f3rica, el presidente Andr\u00e9s Manuel L\u00f3pez Obrador pareciera revivir de facto el non grato Tratado McLane-Ocampo, celebrado en 1859 por el gobierno de Benito Ju\u00e1rez con el de Estados Unidos, mediante el cual nuestro pa\u00eds otorgaba el derecho de tr\u00e1nsito por el Istmo al pa\u00eds vecino.<\/p>\n\n\n\n<p>Por m\u00e1s que la correlaci\u00f3n de fuerzas de aquella \u00e9poca explicara la maniobra, la decisi\u00f3n de Ju\u00e1rez no puede ser juzgada de otra forma que como una traici\u00f3n.&nbsp;<\/p>\n\n\n\n<p>Con tal de quedar bien con EU y ciertos grupos econ\u00f3micos, una nueva traici\u00f3n al Istmo est\u00e1 siendo cometida por L\u00f3pez Obrador.<\/p>\n\n\n\n<p>*Escritor y periodista.<\/p>\n\n\n\n<p>deo@detective.org.mx<\/p>\n\n\n\n<p>Publicado en \u201cMilenio Diario\u201d:<\/p>\n\n\n\n<figure class=\"wp-block-embed\"><div class=\"wp-block-embed__wrapper\">\nhttps:\/\/www.milenio.com\/opinion\/diego-enrique-osorno\/detective\/un-muro-en-el-istmo\n<\/div><\/figure>\n","protected":false},"excerpt":{"rendered":"<p>Diego Enrique Osorno* En el Corredor Interoce\u00e1nico proyectado a lo largo de los puertos de&hellip;<\/p>\n","protected":false},"author":2,"featured_media":37827,"comment_status":"closed","ping_status":"open","sticky":false,"template":"","format":"standard","meta":{"_lmt_disableupdate":"","_lmt_disable":"","_jetpack_memberships_contains_paid_content":false,"footnotes":""},"categories":[456,109],"tags":[3020],"class_list":["post-37826","post","type-post","status-publish","format-standard","has-post-thumbnail","hentry","category-columna","category-minuto-a-minuto","tag-diego-enrique-osorno"],"jetpack_featured_media_url":"https:\/\/zonaroja.com.mx\/wp-content\/uploads\/2022\/02\/Diego-Enrique-Osorno.jpg","jetpack_sharing_enabled":true,"_links":{"self":[{"href":"https:\/\/zonaroja.com.mx\/index.php?rest_route=\/wp\/v2\/posts\/37826","targetHints":{"allow":["GET"]}}],"collection":[{"href":"https:\/\/zonaroja.com.mx\/index.php?rest_route=\/wp\/v2\/posts"}],"about":[{"href":"https:\/\/zonaroja.com.mx\/index.php?rest_route=\/wp\/v2\/types\/post"}],"author":[{"embeddable":true,"href":"https:\/\/zonaroja.com.mx\/index.php?rest_route=\/wp\/v2\/users\/2"}],"replies":[{"embeddable":true,"href":"https:\/\/zonaroja.com.mx\/index.php?rest_route=%2Fwp%2Fv2%2Fcomments&post=37826"}],"version-history":[{"count":1,"href":"https:\/\/zonaroja.com.mx\/index.php?rest_route=\/wp\/v2\/posts\/37826\/revisions"}],"predecessor-version":[{"id":37828,"href":"https:\/\/zonaroja.com.mx\/index.php?rest_route=\/wp\/v2\/posts\/37826\/revisions\/37828"}],"wp:featuredmedia":[{"embeddable":true,"href":"https:\/\/zonaroja.com.mx\/index.php?rest_route=\/wp\/v2\/media\/37827"}],"wp:attachment":[{"href":"https:\/\/zonaroja.com.mx\/index.php?rest_route=%2Fwp%2Fv2%2Fmedia&parent=37826"}],"wp:term":[{"taxonomy":"category","embeddable":true,"href":"https:\/\/zonaroja.com.mx\/index.php?rest_route=%2Fwp%2Fv2%2Fcategories&post=37826"},{"taxonomy":"post_tag","embeddable":true,"href":"https:\/\/zonaroja.com.mx\/index.php?rest_route=%2Fwp%2Fv2%2Ftags&post=37826"}],"curies":[{"name":"wp","href":"https:\/\/api.w.org\/{rel}","templated":true}]}}