{"id":37833,"date":"2022-02-20T09:50:00","date_gmt":"2022-02-20T15:50:00","guid":{"rendered":"http:\/\/www.zonaroja.com.mx\/?p=37833"},"modified":"2022-02-20T06:53:15","modified_gmt":"2022-02-20T12:53:15","slug":"llama-claudia-sheinbaum-a-gobernador-de-oaxaca-a-atender-planton-triqui","status":"publish","type":"post","link":"https:\/\/zonaroja.com.mx\/?p=37833","title":{"rendered":"Llama Claudia Sheinbaum a gobernador de Oaxaca a atender \u201cplant\u00f3n\u201d triqui"},"content":{"rendered":"\n<p>Redacci\u00f3n\/Zona Roja Cdmx.<\/p>\n\n\n\n<p>Ciudad de M\u00e9xico, 20 de febrero de 2022.- La jefa de Gobierno de la Ciudad de M\u00e9xico, Claudia Sheinbaum, le hizo un llamado al gobernador de Oaxaca, Alejandro Murat, para atender el \u201cplant\u00f3n\u201d que mantiene cerrada Avenida Ju\u00e1rez, en la alcald\u00eda Cuauht\u00e9moc.<\/p>\n\n\n\n<p>\u00abQuiero hacerle p\u00fablicamente un llamado al Gobernador del Estado de Oaxaca por el tema de las personas que est\u00e1n en Avenida Ju\u00e1rez, que son de Oaxaca, que se han estado atendiendo, es un \u2018plant\u00f3n\u2019 que ya casi cumple un a\u00f1o.<\/p>\n\n\n\n<p>\u00abHemos estado en contacto con \u00e9l, con la Secretar\u00eda de Gobernaci\u00f3n, se ha estado, de nuestra parte, buscando la mayor atenci\u00f3n. Son personas de Oaxaca con un conflicto que tiene que ver con Oaxaca y nosotros sabemos la afectaci\u00f3n que tiene\u00bb, dijo tras la instalaci\u00f3n del Gabinete de Agua y Saneamiento, en la alcald\u00eda Azcapotzalco.<\/p>\n\n\n\n<p>La mandataria capitalina manifest\u00f3 su preocupaci\u00f3n por las 20 familias aproximadamente que est\u00e1n en el plant\u00f3n.<\/p>\n\n\n\n<p>\u00abPara que nos ayude a que se resuelva este problema en Oaxaca para que podamos darle mejores condiciones a las familias que est\u00e1n en este lugar\u00bb, dijo.<\/p>\n\n\n\n<p>La titular del Ejecutivo capitalino inform\u00f3 que han tenido contacto con el gobernador, incluso dialogaron en su oficina, sin embargo se ha retrasado la soluci\u00f3n de este problema.<\/p>\n\n\n\n<p>El problema tiene relaci\u00f3n con la zona triqui y lo que buscan los manifestantes es regresar a su lugar de origen, en dicho estado.<\/p>\n\n\n\n<p>En agosto de 2021, la C\u00e1mara Nacional de Comercio, Servicios y Turismo de la Ciudad de M\u00e9xico (Canaco-CDMX) lament\u00f3 el plant\u00f3n de la comunidad Triqui, en Avenida Ju\u00e1rez y en el Eje Central L\u00e1zaro C\u00e1rdenas.<\/p>\n\n\n\n<p>El presidente de este organismo empresarial, Nathan Poplawsky, record\u00f3 que durante varios meses se toler\u00f3 el plant\u00f3n de la comunidad Triqui, mismo que provoc\u00f3 una afectaci\u00f3n a 3 mil 305 negocios en la zona, ocasionando una p\u00e9rdida por ventas no realizadas de alrededor de 33 mil millones de pesos.<\/p>\n\n\n\n<p>(Nota de \u00abEl Heraldo de M\u00e9xico\u00bb)<\/p>\n","protected":false},"excerpt":{"rendered":"<p>Redacci\u00f3n\/Zona Roja Cdmx. Ciudad de M\u00e9xico, 20 de febrero de 2022.- La jefa de Gobierno&hellip;<\/p>\n","protected":false},"author":2,"featured_media":25378,"comment_status":"closed","ping_status":"open","sticky":false,"template":"","format":"standard","meta":{"_lmt_disableupdate":"","_lmt_disable":"","_jetpack_memberships_contains_paid_content":false,"footnotes":""},"categories":[109,47],"tags":[2411],"class_list":["post-37833","post","type-post","status-publish","format-standard","has-post-thumbnail","hentry","category-minuto-a-minuto","category-zona-gris","tag-movimiento-de-unificacion-y-lucha-triqui-independiente-multi"],"jetpack_featured_media_url":"https:\/\/zonaroja.com.mx\/wp-content\/uploads\/2021\/03\/Triquis-Copala-Ciudad-de-Mexico.jpeg","jetpack_sharing_enabled":true,"_links":{"self":[{"href":"https:\/\/zonaroja.com.mx\/index.php?rest_route=\/wp\/v2\/posts\/37833","targetHints":{"allow":["GET"]}}],"collection":[{"href":"https:\/\/zonaroja.com.mx\/index.php?rest_route=\/wp\/v2\/posts"}],"about":[{"href":"https:\/\/zonaroja.com.mx\/index.php?rest_route=\/wp\/v2\/types\/post"}],"author":[{"embeddable":true,"href":"https:\/\/zonaroja.com.mx\/index.php?rest_route=\/wp\/v2\/users\/2"}],"replies":[{"embeddable":true,"href":"https:\/\/zonaroja.com.mx\/index.php?rest_route=%2Fwp%2Fv2%2Fcomments&post=37833"}],"version-history":[{"count":2,"href":"https:\/\/zonaroja.com.mx\/index.php?rest_route=\/wp\/v2\/posts\/37833\/revisions"}],"predecessor-version":[{"id":37835,"href":"https:\/\/zonaroja.com.mx\/index.php?rest_route=\/wp\/v2\/posts\/37833\/revisions\/37835"}],"wp:featuredmedia":[{"embeddable":true,"href":"https:\/\/zonaroja.com.mx\/index.php?rest_route=\/wp\/v2\/media\/25378"}],"wp:attachment":[{"href":"https:\/\/zonaroja.com.mx\/index.php?rest_route=%2Fwp%2Fv2%2Fmedia&parent=37833"}],"wp:term":[{"taxonomy":"category","embeddable":true,"href":"https:\/\/zonaroja.com.mx\/index.php?rest_route=%2Fwp%2Fv2%2Fcategories&post=37833"},{"taxonomy":"post_tag","embeddable":true,"href":"https:\/\/zonaroja.com.mx\/index.php?rest_route=%2Fwp%2Fv2%2Ftags&post=37833"}],"curies":[{"name":"wp","href":"https:\/\/api.w.org\/{rel}","templated":true}]}}