{"id":37836,"date":"2022-02-20T07:25:55","date_gmt":"2022-02-20T13:25:55","guid":{"rendered":"http:\/\/www.zonaroja.com.mx\/?p=37836"},"modified":"2022-02-20T07:25:58","modified_gmt":"2022-02-20T13:25:58","slug":"no-vas-a-ser-la-primera-ni-la-unica-a-la-que-le-pase-esto-amenaza-dirigente-del-pvem-ex-trabajadora","status":"publish","type":"post","link":"https:\/\/zonaroja.com.mx\/?p=37836","title":{"rendered":"\u201cNo vas a ser la primera ni la \u00fanica a la que le pase esto\u201d, amenaza dirigente del PVEM ex trabajadora"},"content":{"rendered":"\n<p>Yuridiana Sosa\/ Zona Roja<\/p>\n\n\n\n<p>Oaxaca de Ju\u00e1rez, Oax., 20 de febrero de 2022.- Ante la denuncia de p\u00fablica de un pago irrisorio que prendi\u00f3 otorgar el dirigente del Partido Verde en Oaxaca, Jos\u00e9 Antonio Estefan Gillessen, en un juicio laboral, la afectada denunci\u00f3 que recibi\u00f3 amenazas de violencia de g\u00e9nero por parte de su ex jefe.<\/p>\n\n\n\n<p>Desde enero, la abogada especialista en Derecho Electoral, Ana Karen Ram\u00edrez Pastrana, inici\u00f3 un proceso laboral contra el Partido Verde Ecologista de M\u00e9xico (PVEM) por despido injustificado, el cual el dirigente trat\u00f3 de concluir este viernes al ofrecer ante la autoridad laboral 25 mil pesos por tres a\u00f1os ocho meses de trabajo.<\/p>\n\n\n\n<p>El ofrecimiento fue exhibido por la demandante en su cuenta de Twitter, al considerar la negociaci\u00f3n como una burla a sus derechos laborales y como un acto de violencia pol\u00edtica, por lo que continuar\u00e1 el juicio para recibir lo correspondiente a lo establecido por la ley.<\/p>\n\n\n\n<p>Tras esta denuncia en las redes, Ram\u00edrez Pastrana inform\u00f3 por esa misma v\u00eda que la violencia por raz\u00f3n de g\u00e9nero por parte de Estefan Gillessen contin\u00faa y de lo cual tiene audios como elementos de prueba.<\/p>\n\n\n\n<p>\u201cNo vas a ser la primera ni la \u00fanica a la que le pase esto\u201d, le dijo el dirigente del Partido Verde en Oaxaca y diputado federal.&nbsp; Proceso que la abogada tambi\u00e9n denuncia legalmente y llevar\u00e1 hasta los Tribunales.<\/p>\n\n\n\n<p>Ana Karen Ram\u00edrez tambi\u00e9n se\u00f1al\u00f3 que el diputado del Verde se vale de cuentas falsas de Twitter para continuar su ataque, as\u00ed ubicadas por la Polic\u00eda Cibern\u00e9tica.<\/p>\n\n\n\n<p>\u201cYo que t\u00fa los agarraba, tu trabajo en el Verde fue vergonzoso, adem\u00e1s de ilegal y lleno de irregularidades, la que puede terminar en el bote ser\u00e1s t\u00fa, ja ja ja desiste y agarra que bien que lo necesitas abogada saca borrachos\u201d, fue la respuesta desde el perfil Justorierraox, a la publicaci\u00f3n de Ram\u00edrez Pastrana con relaci\u00f3n al ofrecimiento de Jos\u00e9 Antonio Estefan.<\/p>\n\n\n\n<p>La afectada indic\u00f3 que con estos actos se recalca la violencia pol\u00edtica por raz\u00f3n de g\u00e9nero que el dirigente del PVEM en Oaxaca ha ejercido contra ella y con lo que est\u00e1 relacionado su despido injustificado.<\/p>\n","protected":false},"excerpt":{"rendered":"<p>Yuridiana Sosa\/ Zona Roja Oaxaca de Ju\u00e1rez, Oax., 20 de febrero de 2022.- Ante la&hellip;<\/p>\n","protected":false},"author":2,"featured_media":23397,"comment_status":"closed","ping_status":"open","sticky":false,"template":"","format":"standard","meta":{"_lmt_disableupdate":"","_lmt_disable":"","_jetpack_memberships_contains_paid_content":false,"footnotes":""},"categories":[109,47],"tags":[2438],"class_list":["post-37836","post","type-post","status-publish","format-standard","has-post-thumbnail","hentry","category-minuto-a-minuto","category-zona-gris","tag-jose-antonio-estefan-guillessen"],"jetpack_featured_media_url":"https:\/\/zonaroja.com.mx\/wp-content\/uploads\/2021\/02\/Jose-Antonio-Estefan-Guillessen.jpg","jetpack_sharing_enabled":true,"_links":{"self":[{"href":"https:\/\/zonaroja.com.mx\/index.php?rest_route=\/wp\/v2\/posts\/37836","targetHints":{"allow":["GET"]}}],"collection":[{"href":"https:\/\/zonaroja.com.mx\/index.php?rest_route=\/wp\/v2\/posts"}],"about":[{"href":"https:\/\/zonaroja.com.mx\/index.php?rest_route=\/wp\/v2\/types\/post"}],"author":[{"embeddable":true,"href":"https:\/\/zonaroja.com.mx\/index.php?rest_route=\/wp\/v2\/users\/2"}],"replies":[{"embeddable":true,"href":"https:\/\/zonaroja.com.mx\/index.php?rest_route=%2Fwp%2Fv2%2Fcomments&post=37836"}],"version-history":[{"count":1,"href":"https:\/\/zonaroja.com.mx\/index.php?rest_route=\/wp\/v2\/posts\/37836\/revisions"}],"predecessor-version":[{"id":37837,"href":"https:\/\/zonaroja.com.mx\/index.php?rest_route=\/wp\/v2\/posts\/37836\/revisions\/37837"}],"wp:featuredmedia":[{"embeddable":true,"href":"https:\/\/zonaroja.com.mx\/index.php?rest_route=\/wp\/v2\/media\/23397"}],"wp:attachment":[{"href":"https:\/\/zonaroja.com.mx\/index.php?rest_route=%2Fwp%2Fv2%2Fmedia&parent=37836"}],"wp:term":[{"taxonomy":"category","embeddable":true,"href":"https:\/\/zonaroja.com.mx\/index.php?rest_route=%2Fwp%2Fv2%2Fcategories&post=37836"},{"taxonomy":"post_tag","embeddable":true,"href":"https:\/\/zonaroja.com.mx\/index.php?rest_route=%2Fwp%2Fv2%2Ftags&post=37836"}],"curies":[{"name":"wp","href":"https:\/\/api.w.org\/{rel}","templated":true}]}}