{"id":3784,"date":"2019-09-08T19:13:41","date_gmt":"2019-09-09T00:13:41","guid":{"rendered":"http:\/\/www.zonaroja.com.mx\/?p=3784"},"modified":"2019-09-08T19:13:44","modified_gmt":"2019-09-09T00:13:44","slug":"con-marcha-en-la-ciudad-de-mexico-exigen-alto-a-feminicidios","status":"publish","type":"post","link":"https:\/\/zonaroja.com.mx\/?p=3784","title":{"rendered":"Con marcha en la Ciudad de M\u00e9xico exigen alto a feminicidios"},"content":{"rendered":"\n<p>Redacci\u00f3n\/Zona\nRoja Cdmx.<\/p>\n\n\n\n<p>Ciudad de\nM\u00e9xico, 8 de septiembre de 2019.- \u201cSeguiremos incomodando a quienes no cumplan\nsu deber\u201d; \u201cNo quiero ser una cifra\u201d; \u201cVivas nos queremos, libres sin miedo\u201d; \u201cNo\nestamos solas, nos faltan ellas\u201d.<\/p>\n\n\n\n<p>En silencio\npero con rabia, la marcha de mujeres para protestar en contra de la ola\nfeminicida, que se ha extendido y crece d\u00eda con d\u00eda a lo largo y ancho del\npa\u00eds.<\/p>\n\n\n\n<p>Cerca de las\ndos de la tarde de este domingo parti\u00f3 la protesta, del \u00c1ngel de la\nIndependencia al z\u00f3calo capitalino. <\/p>\n\n\n\n<p>Justicia,\nalto a la violencia, aparici\u00f3n con vida de las desaparecidas; no m\u00e1s muertes,\nlos gritos en cartulinas y en mantas.<\/p>\n\n\n\n<p>El\ncontingente fue encabezado por familiares de las v\u00edctimas, como la madre, hijo\ny t\u00eda de Celene quien fue asesinada por su esposo en marzo de 2018. <\/p>\n\n\n\n<p>Tambi\u00e9n la\nmadre de F\u00e1tima, Lorena Guti\u00e9rrez, quien pide justicia por el feminicidio de su\nhija de 12 a\u00f1os; de igual manera est\u00e1 Sandra Soto, hermana de Serymar, asesinada\npor su prometido en 2017.<\/p>\n\n\n\n<p>Otras familias y j\u00f3venes acuden para sumarse a estas voces que demandan alto a la violencia contra las mujeres, como Julia Le\u00f3n, quien la acompa\u00f1\u00f3 su hija de 18 a\u00f1os.  Entre las voces tambi\u00e9n la exigencia de justicia para Mar\u00eda del Sol Cruz Jarqu\u00edn, ultimada hace m\u00e1s de un a\u00f1o en Juchit\u00e1n, Oaxaca.<\/p>\n\n\n\n<p>Despu\u00e9s de\ndos horas, las manifestantes llegaron al Z\u00f3calo capitalino. Ah\u00ed, destacaron que\nel silencio de la marcha, como respuesta a las cr\u00edticas que se hicieron a las\nmovilizaciones de mujeres anteriores en los que hubo pintas, es para que la\nsociedad las escuche.<\/p>\n\n\n\n<p>Frente a\nPalacio Nacional, corearon las consignas que fueron sus demandas: \u00a1No estamos\nsolas, nos faltan ellas!; \u00a1Ni una m\u00e1s, ni una desaparecida m\u00e1s!, \u00a1Ni una m\u00e1s,\nni una asesinada m\u00e1s!, \u00a1Ni una menos, todas vivas nos queremos!, \u00a1No m\u00e1s\nviolencia contra las mujeres!, \u00a1Porque vivas, vivas estamos, vivas nos\nqueremos!<\/p>\n","protected":false},"excerpt":{"rendered":"<p>Redacci\u00f3n\/Zona Roja Cdmx. Ciudad de M\u00e9xico, 8 de septiembre de 2019.- \u201cSeguiremos incomodando a quienes&hellip;<\/p>\n","protected":false},"author":2,"featured_media":3785,"comment_status":"closed","ping_status":"open","sticky":false,"template":"","format":"standard","meta":{"_lmt_disableupdate":"","_lmt_disable":"","_jetpack_memberships_contains_paid_content":false,"footnotes":""},"categories":[109,47],"tags":[97],"class_list":["post-3784","post","type-post","status-publish","format-standard","has-post-thumbnail","hentry","category-minuto-a-minuto","category-zona-gris","tag-feminicidios"],"jetpack_featured_media_url":"https:\/\/zonaroja.com.mx\/wp-content\/uploads\/2019\/09\/femini.jpg","jetpack_sharing_enabled":true,"_links":{"self":[{"href":"https:\/\/zonaroja.com.mx\/index.php?rest_route=\/wp\/v2\/posts\/3784","targetHints":{"allow":["GET"]}}],"collection":[{"href":"https:\/\/zonaroja.com.mx\/index.php?rest_route=\/wp\/v2\/posts"}],"about":[{"href":"https:\/\/zonaroja.com.mx\/index.php?rest_route=\/wp\/v2\/types\/post"}],"author":[{"embeddable":true,"href":"https:\/\/zonaroja.com.mx\/index.php?rest_route=\/wp\/v2\/users\/2"}],"replies":[{"embeddable":true,"href":"https:\/\/zonaroja.com.mx\/index.php?rest_route=%2Fwp%2Fv2%2Fcomments&post=3784"}],"version-history":[{"count":1,"href":"https:\/\/zonaroja.com.mx\/index.php?rest_route=\/wp\/v2\/posts\/3784\/revisions"}],"predecessor-version":[{"id":3786,"href":"https:\/\/zonaroja.com.mx\/index.php?rest_route=\/wp\/v2\/posts\/3784\/revisions\/3786"}],"wp:featuredmedia":[{"embeddable":true,"href":"https:\/\/zonaroja.com.mx\/index.php?rest_route=\/wp\/v2\/media\/3785"}],"wp:attachment":[{"href":"https:\/\/zonaroja.com.mx\/index.php?rest_route=%2Fwp%2Fv2%2Fmedia&parent=3784"}],"wp:term":[{"taxonomy":"category","embeddable":true,"href":"https:\/\/zonaroja.com.mx\/index.php?rest_route=%2Fwp%2Fv2%2Fcategories&post=3784"},{"taxonomy":"post_tag","embeddable":true,"href":"https:\/\/zonaroja.com.mx\/index.php?rest_route=%2Fwp%2Fv2%2Ftags&post=3784"}],"curies":[{"name":"wp","href":"https:\/\/api.w.org\/{rel}","templated":true}]}}