{"id":37848,"date":"2022-02-20T12:13:27","date_gmt":"2022-02-20T18:13:27","guid":{"rendered":"https:\/\/www.zonaroja.com.mx\/?p=37848"},"modified":"2022-02-20T12:13:29","modified_gmt":"2022-02-20T18:13:29","slug":"sancionaran-a-urbanero-y-a-empresa-tras-atropellar-a-ciclista-en-oaxaca-capital","status":"publish","type":"post","link":"https:\/\/zonaroja.com.mx\/?p=37848","title":{"rendered":"Sancionar\u00e1n a urbanero y a empresa, tras atropellar a ciclista en Oaxaca capital"},"content":{"rendered":"\n<p>Redacci\u00f3n\/Zona Roja. <\/p>\n\n\n\n<p>Oaxaca de Ju\u00e1rez, Oax., 20 de febrero de 2022.- Adem\u00e1s de la sanci\u00f3n correspondiente, la Secretar\u00eda de Movilidad del gobierno de Oaxaca citar\u00e1 al responsable de atropellar a una ciclista con su cami\u00f3n de pasajeros as\u00ed como al concesionario, a fin de aplicarles la normatividad.<\/p>\n\n\n\n<p>Fue ayer por la tarde en la colindancia de la agencia de Cinco Se\u00f1ores, ciudad de Oaxaca, con el municipio de Santa Luc\u00eda del Camino, cerca del r\u00edo \u201cSalado\u201d, en que se suscit\u00f3 el percance. <\/p>\n\n\n\n<p>Una joven ciclista se desplazaba en la avenida 16 de Septiembre, a una cuadra del puente en la carretera al fraccionamiento El Rosario.<\/p>\n\n\n\n<p>Fue entonces que una unidad de pasaje de la l\u00ednea Sertexa, con n\u00famero econ\u00f3mico SX-029, invadi\u00f3 el carril contrario para ganarle el paso a otros veh\u00edculos, y caus\u00f3 el atropellamiento.<\/p>\n\n\n\n<p>La mujer logr\u00f3 ponerse a salvo pero su bicicleta qued\u00f3 totalmente destrozada. <\/p>\n\n\n\n<p>Tras los hechos, los ciclistas arribaron al lugar para exigir la detenci\u00f3n del chofer y  amenazaron con quemar el cami\u00f3n.<\/p>\n\n\n\n<figure class=\"wp-block-embed\"><div class=\"wp-block-embed__wrapper\">\n<div class=\"twitter-tweet\"><blockquote class=\"twitter-tweet\" data-lang=\"es\"><p lang=\"es\" dir=\"ltr\">4. Finalmente, la Secretar\u00eda de Movilidad (<a href=\"https:\/\/twitter.com\/SEMOVI_GobOax?ref_src=twsrc%5Etfw\">@SEMOVI_GobOax<\/a>) del gobierno de <a href=\"https:\/\/twitter.com\/hashtag\/Oaxaca?src=hash&amp;ref_src=twsrc%5Etfw\">#Oaxaca<\/a> inform\u00f3 que se proceder\u00e1 en contra del conductor del cami\u00f3n de transporte de pasajeros y del concesionario, a fin de aplicar las medidas correspondientes. <a href=\"https:\/\/t.co\/DzfRtD8ISh\">pic.twitter.com\/DzfRtD8ISh<\/a><\/p>&mdash; Zona Roja Oaxaca (@ZonaRoja_Oaxaca) <a href=\"https:\/\/twitter.com\/ZonaRoja_Oaxaca\/status\/1495446352368701442?ref_src=twsrc%5Etfw\">20 de febrero de 2022<\/a><\/blockquote><\/div>\n<\/div><\/figure>\n\n\n\n<p>Tras ello el conductor fue detenido por la polic\u00eda vial municipal.<\/p>\n\n\n\n<p>\u201cNo quieren detenerlo, est\u00e1 borracho, se meti\u00f3 en sentido contario y lo est\u00e1n protegiendo\u201d dijo uno de los conductores.<\/p>\n\n\n\n<p>Ante la presi\u00f3n de los ciclistas, los elementos de la polic\u00eda municipal se llevaron al chofer y al ayudante, pero despu\u00e9s se qued\u00f3 detenido solo el conductor, a\u00fan cuando el chal\u00e1n intent\u00f3 agredir a los ciclistas.<\/p>\n\n\n\n<p>\u201cTanta corrupci\u00f3n de los polic\u00edas municipales, no se puede seguir as\u00ed\u201d, dijeron los inconformes.<\/p>\n","protected":false},"excerpt":{"rendered":"<p>Redacci\u00f3n\/Zona Roja. Oaxaca de Ju\u00e1rez, Oax., 20 de febrero de 2022.- Adem\u00e1s de la sanci\u00f3n&hellip;<\/p>\n","protected":false},"author":2,"featured_media":37847,"comment_status":"closed","ping_status":"open","sticky":false,"template":"","format":"standard","meta":{"_lmt_disableupdate":"","_lmt_disable":"","_jetpack_memberships_contains_paid_content":false,"footnotes":""},"categories":[109,47],"tags":[],"class_list":["post-37848","post","type-post","status-publish","format-standard","has-post-thumbnail","hentry","category-minuto-a-minuto","category-zona-gris"],"jetpack_featured_media_url":"https:\/\/zonaroja.com.mx\/wp-content\/uploads\/2022\/02\/382900ec-73a6-4efd-9677-e51efee0b6ca.jpg","jetpack_sharing_enabled":true,"_links":{"self":[{"href":"https:\/\/zonaroja.com.mx\/index.php?rest_route=\/wp\/v2\/posts\/37848","targetHints":{"allow":["GET"]}}],"collection":[{"href":"https:\/\/zonaroja.com.mx\/index.php?rest_route=\/wp\/v2\/posts"}],"about":[{"href":"https:\/\/zonaroja.com.mx\/index.php?rest_route=\/wp\/v2\/types\/post"}],"author":[{"embeddable":true,"href":"https:\/\/zonaroja.com.mx\/index.php?rest_route=\/wp\/v2\/users\/2"}],"replies":[{"embeddable":true,"href":"https:\/\/zonaroja.com.mx\/index.php?rest_route=%2Fwp%2Fv2%2Fcomments&post=37848"}],"version-history":[{"count":1,"href":"https:\/\/zonaroja.com.mx\/index.php?rest_route=\/wp\/v2\/posts\/37848\/revisions"}],"predecessor-version":[{"id":37849,"href":"https:\/\/zonaroja.com.mx\/index.php?rest_route=\/wp\/v2\/posts\/37848\/revisions\/37849"}],"wp:featuredmedia":[{"embeddable":true,"href":"https:\/\/zonaroja.com.mx\/index.php?rest_route=\/wp\/v2\/media\/37847"}],"wp:attachment":[{"href":"https:\/\/zonaroja.com.mx\/index.php?rest_route=%2Fwp%2Fv2%2Fmedia&parent=37848"}],"wp:term":[{"taxonomy":"category","embeddable":true,"href":"https:\/\/zonaroja.com.mx\/index.php?rest_route=%2Fwp%2Fv2%2Fcategories&post=37848"},{"taxonomy":"post_tag","embeddable":true,"href":"https:\/\/zonaroja.com.mx\/index.php?rest_route=%2Fwp%2Fv2%2Ftags&post=37848"}],"curies":[{"name":"wp","href":"https:\/\/api.w.org\/{rel}","templated":true}]}}