{"id":37860,"date":"2022-02-21T09:30:00","date_gmt":"2022-02-21T15:30:00","guid":{"rendered":"http:\/\/www.zonaroja.com.mx\/?p=37860"},"modified":"2022-02-20T20:37:45","modified_gmt":"2022-02-21T02:37:45","slug":"oaxaquena-valeria-nogales-seleccionada-nacional-para-campeonato-en-colombia","status":"publish","type":"post","link":"https:\/\/zonaroja.com.mx\/?p=37860","title":{"rendered":"Oaxaque\u00f1a Valeria Nogales, seleccionada nacional para campeonato en Colombia"},"content":{"rendered":"\n<p>Yuridiana Sosa\/Zona Roja.<\/p>\n\n\n\n<p>Oaxaca de Ju\u00e1rez, Oax., 21 de febrero de 2022.- La Federaci\u00f3n Mexicana de Karate y Artes Marciales Afines A.C (FEMEKA) convoc\u00f3 a la oaxaque\u00f1a Valeria Nogales Gines para formar parte de la Selecci\u00f3n Nacional Mexicana de Karate, que competir\u00e1 en el XXI Campeonato Senior y X Under 21, Junior y Cadetes Centroamericano y del Caribe de Karate Do, a celebrarse en Colombia.<\/p>\n\n\n\n<p>La participaci\u00f3n de la joven universitaria en la justa internacional obedece a los resultados obtenidos en el Selectivo Nacional de Karate de este a\u00f1o, celebrado en Acapulco, Guerrero, en la que gan\u00f3 medalla de plata y bronce.<\/p>\n\n\n\n<p>El encuentro internacional se efectuar\u00e1 del 22 al 27 de marzo de este a\u00f1o en Bogot\u00e1, Colombia, donde la oaxaque\u00f1a competir\u00e1 en la categor\u00eda de Senior +68 Kg Kumite individual femenil, de la cual en otras justas ha obtenido exitosos resultados.<\/p>\n\n\n\n<p>Nogales Gines integrante de la Asociaci\u00f3n de Escuelas Oficiales de Karate del Estado de Oaxaca, cuenta con experiencia en competencias de alto nivel, con una formaci\u00f3n atl\u00e9tica profesional desde los seis a\u00f1os.<\/p>\n\n\n\n<p>Entre los encuentros que marcan su trayectoria est\u00e1n el Campeonato Nacional Universitario de Karate 2021, convocado por el Consejo Nacional del Deporte Estudiantil (CONDDE) y XXIX Torneo Nacional Copa Mabuni de Karate Do Shito Ryu.<\/p>\n","protected":false},"excerpt":{"rendered":"<p>Yuridiana Sosa\/Zona Roja. Oaxaca de Ju\u00e1rez, Oax., 21 de febrero de 2022.- La Federaci\u00f3n Mexicana&hellip;<\/p>\n","protected":false},"author":2,"featured_media":34290,"comment_status":"closed","ping_status":"open","sticky":false,"template":"","format":"standard","meta":{"_lmt_disableupdate":"","_lmt_disable":"","_jetpack_memberships_contains_paid_content":false,"footnotes":""},"categories":[109,46],"tags":[3013],"class_list":["post-37860","post","type-post","status-publish","format-standard","has-post-thumbnail","hentry","category-minuto-a-minuto","category-zona-blanca","tag-valeria-nogales-gines"],"jetpack_featured_media_url":"https:\/\/zonaroja.com.mx\/wp-content\/uploads\/2021\/11\/Karateca-Valeria-Nogales.jpg","jetpack_sharing_enabled":true,"_links":{"self":[{"href":"https:\/\/zonaroja.com.mx\/index.php?rest_route=\/wp\/v2\/posts\/37860","targetHints":{"allow":["GET"]}}],"collection":[{"href":"https:\/\/zonaroja.com.mx\/index.php?rest_route=\/wp\/v2\/posts"}],"about":[{"href":"https:\/\/zonaroja.com.mx\/index.php?rest_route=\/wp\/v2\/types\/post"}],"author":[{"embeddable":true,"href":"https:\/\/zonaroja.com.mx\/index.php?rest_route=\/wp\/v2\/users\/2"}],"replies":[{"embeddable":true,"href":"https:\/\/zonaroja.com.mx\/index.php?rest_route=%2Fwp%2Fv2%2Fcomments&post=37860"}],"version-history":[{"count":1,"href":"https:\/\/zonaroja.com.mx\/index.php?rest_route=\/wp\/v2\/posts\/37860\/revisions"}],"predecessor-version":[{"id":37861,"href":"https:\/\/zonaroja.com.mx\/index.php?rest_route=\/wp\/v2\/posts\/37860\/revisions\/37861"}],"wp:featuredmedia":[{"embeddable":true,"href":"https:\/\/zonaroja.com.mx\/index.php?rest_route=\/wp\/v2\/media\/34290"}],"wp:attachment":[{"href":"https:\/\/zonaroja.com.mx\/index.php?rest_route=%2Fwp%2Fv2%2Fmedia&parent=37860"}],"wp:term":[{"taxonomy":"category","embeddable":true,"href":"https:\/\/zonaroja.com.mx\/index.php?rest_route=%2Fwp%2Fv2%2Fcategories&post=37860"},{"taxonomy":"post_tag","embeddable":true,"href":"https:\/\/zonaroja.com.mx\/index.php?rest_route=%2Fwp%2Fv2%2Ftags&post=37860"}],"curies":[{"name":"wp","href":"https:\/\/api.w.org\/{rel}","templated":true}]}}