{"id":37862,"date":"2022-02-20T20:43:47","date_gmt":"2022-02-21T02:43:47","guid":{"rendered":"http:\/\/www.zonaroja.com.mx\/?p=37862"},"modified":"2022-02-20T20:43:49","modified_gmt":"2022-02-21T02:43:49","slug":"intenso-covid-en-oaxaca-en-la-ultima-semana-80-decesos-y-3791-contagios","status":"publish","type":"post","link":"https:\/\/zonaroja.com.mx\/?p=37862","title":{"rendered":"Intenso Covid en Oaxaca: en la \u00faltima semana, 80 decesos y 3,791 contagios"},"content":{"rendered":"\n<p>Redacci\u00f3n\/Zona Roja.<\/p>\n\n\n\n<p>Oaxaca de Ju\u00e1rez, Oax., 20 febrero de 2022.- La entidad oaxaque\u00f1a registr\u00f3 durante la \u00faltima semana, del 13 al 19 febrero, tres mil 791 casos nuevos, para hacer un acumulado de 113 mil 269 confirmados de Covid-19 de manera global, observando una ligera disminuci\u00f3n de 334 registros en comparaci\u00f3n con el periodo anterior, en el que se contabilizaron cuatro mil 125 personas con esta enfermedad, informaron los Servicios de Salud de Oaxaca (SSO).<\/p>\n\n\n\n<p>Es por ello que Oaxaca continuar\u00e1 en el color amarillo del sem\u00e1foro epidemiol\u00f3gico durante la semana del lunes 21 de febrero al domingo 6 de marzo, ante la tendencia constante de contagios y hospitalizaciones, con base al \u00abLineamiento para la estimaci\u00f3n de riesgos del sem\u00e1foro por regiones Covid-19\u00bb.<\/p>\n\n\n\n<p>En su resumen semanal de la situaci\u00f3n actual de la pandemia, la instituci\u00f3n indic\u00f3 que el riesgo de contagio es \u201cmedio\u201d, por lo cual las medidas sanitarias se deben seguir respet\u00e1ndose para reducir la transmisi\u00f3n de este coronavirus.<\/p>\n\n\n\n<p>En tanto, el promedio de ocupaci\u00f3n hospitalaria para la atenci\u00f3n a pacientes con complicaciones derivadas de este padecimiento fue de 38.4%. Adem\u00e1s, se reportaron 80 desafortunados decesos a causa de esta patolog\u00eda respiratoria, 15 m\u00e1s que la semana anterior.<\/p>\n\n\n\n<p>Respecto a la Estrategia de la Pol\u00edtica Nacional de Vacunaci\u00f3n contra el virus SARS-CoV-2 para la prevenci\u00f3n de la Covid-19 en M\u00e9xico, en el territorio oaxaque\u00f1o se aplicaron 72 mil 983 dosis, de las cuales 63 mil 235 fueron de la farmac\u00e9utica AstraZeneca; 9 mil 256 de Pfizer BioNTech, 490 de CanSino y dos del biol\u00f3gico Sinovac.<\/p>\n\n\n\n<p>La dependencia hizo un llamado a las personas que no han recibido la vacuna, para que a acudan a aplicarse el biol\u00f3gico cuando les corresponda; para quienes ya cuentan con su esquema completo de vacunaci\u00f3n, deben inmunizarse con la dosis de refuerzo.<\/p>\n\n\n\n<p>Aunado a ello, advirti\u00f3 que, para detener la propagaci\u00f3n del coronavirus es necesario: usar de forma correcta el cubrebocas, mantener la sana distancia, lavar las manos frecuentemente con agua y jab\u00f3n, as\u00ed como evitar acudir a eventos masivos.<\/p>\n\n\n\n<p>La instituci\u00f3n de Salud enfatiz\u00f3 sobre la importancia de que la poblaci\u00f3n se mantenga alerta en las actividades diarias, \u201cya que detener los contagios es responsabilidad de todas y todos. \u00a1Hag\u00e1moslo, por nuestra Salud, por nuestra familia!\u201d, se\u00f1al\u00f3.<\/p>\n","protected":false},"excerpt":{"rendered":"<p>Redacci\u00f3n\/Zona Roja. Oaxaca de Ju\u00e1rez, Oax., 20 febrero de 2022.- La entidad oaxaque\u00f1a registr\u00f3 durante&hellip;<\/p>\n","protected":false},"author":2,"featured_media":37863,"comment_status":"closed","ping_status":"open","sticky":false,"template":"","format":"standard","meta":{"_lmt_disableupdate":"","_lmt_disable":"","_jetpack_memberships_contains_paid_content":false,"footnotes":""},"categories":[109,47],"tags":[1512],"class_list":["post-37862","post","type-post","status-publish","format-standard","has-post-thumbnail","hentry","category-minuto-a-minuto","category-zona-gris","tag-coronavirus-oaxaca"],"jetpack_featured_media_url":"https:\/\/zonaroja.com.mx\/wp-content\/uploads\/2022\/02\/Gente-Covid-Oaxaca-de-juarez-coronavirus.jpg","jetpack_sharing_enabled":true,"_links":{"self":[{"href":"https:\/\/zonaroja.com.mx\/index.php?rest_route=\/wp\/v2\/posts\/37862","targetHints":{"allow":["GET"]}}],"collection":[{"href":"https:\/\/zonaroja.com.mx\/index.php?rest_route=\/wp\/v2\/posts"}],"about":[{"href":"https:\/\/zonaroja.com.mx\/index.php?rest_route=\/wp\/v2\/types\/post"}],"author":[{"embeddable":true,"href":"https:\/\/zonaroja.com.mx\/index.php?rest_route=\/wp\/v2\/users\/2"}],"replies":[{"embeddable":true,"href":"https:\/\/zonaroja.com.mx\/index.php?rest_route=%2Fwp%2Fv2%2Fcomments&post=37862"}],"version-history":[{"count":1,"href":"https:\/\/zonaroja.com.mx\/index.php?rest_route=\/wp\/v2\/posts\/37862\/revisions"}],"predecessor-version":[{"id":37864,"href":"https:\/\/zonaroja.com.mx\/index.php?rest_route=\/wp\/v2\/posts\/37862\/revisions\/37864"}],"wp:featuredmedia":[{"embeddable":true,"href":"https:\/\/zonaroja.com.mx\/index.php?rest_route=\/wp\/v2\/media\/37863"}],"wp:attachment":[{"href":"https:\/\/zonaroja.com.mx\/index.php?rest_route=%2Fwp%2Fv2%2Fmedia&parent=37862"}],"wp:term":[{"taxonomy":"category","embeddable":true,"href":"https:\/\/zonaroja.com.mx\/index.php?rest_route=%2Fwp%2Fv2%2Fcategories&post=37862"},{"taxonomy":"post_tag","embeddable":true,"href":"https:\/\/zonaroja.com.mx\/index.php?rest_route=%2Fwp%2Fv2%2Ftags&post=37862"}],"curies":[{"name":"wp","href":"https:\/\/api.w.org\/{rel}","templated":true}]}}