{"id":37875,"date":"2022-02-21T07:25:48","date_gmt":"2022-02-21T13:25:48","guid":{"rendered":"http:\/\/www.zonaroja.com.mx\/?p=37875"},"modified":"2022-02-21T07:25:50","modified_gmt":"2022-02-21T13:25:50","slug":"imparable-violencia-en-el-istmo-ejecutan-a-individuo-en-mixtequilla","status":"publish","type":"post","link":"https:\/\/zonaroja.com.mx\/?p=37875","title":{"rendered":"Imparable violencia en el Istmo: ejecutan a individuo en Mixtequilla"},"content":{"rendered":"\n<p>Redacci\u00f3n\/Zona Roja.<\/p>\n\n\n\n<p>Oaxaca de Ju\u00e1rez, Oax., 21 de febrero de 2022.- La violencia criminal no cesa en la regi\u00f3n del Istmo de Tehuantepec y anoche fue asesinado a balazos un individuo, en el municipio de Santa Mar\u00eda Mixtequilla.<\/p>\n\n\n\n<p>Los hechos sucedieron en una calle del barrio Tercera Secci\u00f3n, en que presuntamente dos sujetos a bordo de una motocicleta, dispararon en contra de un hombre, dedicado al oficio de payaso.<\/p>\n\n\n\n<p>La v\u00edctima fue identificada como Exalen G\u00f3mez Guti\u00e9rrez y a\u00fan se desconoce el m\u00f3vil del crimen.<\/p>\n\n\n\n<p>TAMBI\u00c9N EN JUCHIT\u00c1N<\/p>\n\n\n\n<p>En Juchit\u00e1n de Zaragoza, pese al refuerzo de los operativos de seguridad, sujetos armados ingresaron a robar en la vivienda de una familia, en la colonia Gustavo Pineda de la Cruz, donde han ocurrido una serie de cr\u00edmenes.<\/p>\n\n\n\n<p>Seg\u00fan los primeros reportes, los delincuentes se apoderaron de aproximadamente cinco mil pesos en efectivo y 20 mil pesos en joyas y otros bienes.<\/p>\n\n\n\n<p>En ambos casos no hay personas detenidas por parte de las autoridades municipales o estatales.<\/p>\n","protected":false},"excerpt":{"rendered":"<p>Redacci\u00f3n\/Zona Roja. Oaxaca de Ju\u00e1rez, Oax., 21 de febrero de 2022.- La violencia criminal no&hellip;<\/p>\n","protected":false},"author":2,"featured_media":28833,"comment_status":"closed","ping_status":"open","sticky":false,"template":"","format":"standard","meta":{"_lmt_disableupdate":"","_lmt_disable":"","_jetpack_memberships_contains_paid_content":false,"footnotes":""},"categories":[109,51],"tags":[2138],"class_list":["post-37875","post","type-post","status-publish","format-standard","has-post-thumbnail","hentry","category-minuto-a-minuto","category-zona-roja","tag-santa-maria-mixtequilla"],"jetpack_featured_media_url":"https:\/\/zonaroja.com.mx\/wp-content\/uploads\/2021\/06\/Violencia-crimen-en-Mexico.jpeg","jetpack_sharing_enabled":true,"_links":{"self":[{"href":"https:\/\/zonaroja.com.mx\/index.php?rest_route=\/wp\/v2\/posts\/37875","targetHints":{"allow":["GET"]}}],"collection":[{"href":"https:\/\/zonaroja.com.mx\/index.php?rest_route=\/wp\/v2\/posts"}],"about":[{"href":"https:\/\/zonaroja.com.mx\/index.php?rest_route=\/wp\/v2\/types\/post"}],"author":[{"embeddable":true,"href":"https:\/\/zonaroja.com.mx\/index.php?rest_route=\/wp\/v2\/users\/2"}],"replies":[{"embeddable":true,"href":"https:\/\/zonaroja.com.mx\/index.php?rest_route=%2Fwp%2Fv2%2Fcomments&post=37875"}],"version-history":[{"count":1,"href":"https:\/\/zonaroja.com.mx\/index.php?rest_route=\/wp\/v2\/posts\/37875\/revisions"}],"predecessor-version":[{"id":37876,"href":"https:\/\/zonaroja.com.mx\/index.php?rest_route=\/wp\/v2\/posts\/37875\/revisions\/37876"}],"wp:featuredmedia":[{"embeddable":true,"href":"https:\/\/zonaroja.com.mx\/index.php?rest_route=\/wp\/v2\/media\/28833"}],"wp:attachment":[{"href":"https:\/\/zonaroja.com.mx\/index.php?rest_route=%2Fwp%2Fv2%2Fmedia&parent=37875"}],"wp:term":[{"taxonomy":"category","embeddable":true,"href":"https:\/\/zonaroja.com.mx\/index.php?rest_route=%2Fwp%2Fv2%2Fcategories&post=37875"},{"taxonomy":"post_tag","embeddable":true,"href":"https:\/\/zonaroja.com.mx\/index.php?rest_route=%2Fwp%2Fv2%2Ftags&post=37875"}],"curies":[{"name":"wp","href":"https:\/\/api.w.org\/{rel}","templated":true}]}}