{"id":37877,"date":"2022-02-21T08:26:39","date_gmt":"2022-02-21T14:26:39","guid":{"rendered":"http:\/\/www.zonaroja.com.mx\/?p=37877"},"modified":"2022-02-21T08:26:41","modified_gmt":"2022-02-21T14:26:41","slug":"por-que-pone-lopez-obrador-a-la-prensa-contra-los-mexicanos","status":"publish","type":"post","link":"https:\/\/zonaroja.com.mx\/?p=37877","title":{"rendered":"\u00bfPor qu\u00e9 pone L\u00f3pez Obrador a la prensa contra los mexicanos?"},"content":{"rendered":"\n<p>Ismael Garc\u00eda M.\/Zona Roja.<\/p>\n\n\n\n<p>Oaxaca de Ju\u00e1rez, Oax., 21 febrero de 2022.- Hay m\u00faltiples registros de choques entre periodistas y el poder presidencial a lo largo de la historia, sea por motivos econ\u00f3micos o por fobias, pero jam\u00e1s se hab\u00eda visto a un mandatario mexicano tomar tan personal, desde el p\u00falpito presidencial, un tema y un ataque contra comunicadores.<\/p>\n\n\n\n<p>Esto lo ha hecho Andr\u00e9s Manuel L\u00f3pez Obrador, quien gan\u00f3 por m\u00e1s de 30 millones de votos la titularidad del Ejecutivo, bajo el Partido Morena, pero que, paulatinamente, ha dilapidado el alto bono de confianza depositada en su persona.<\/p>\n\n\n\n<p>Parad\u00f3jicamente, el mandatario se dice dem\u00f3crata, plural, abierto a la cr\u00edtica y al escrutinio, pero ha hecho todo lo contrario en muchos aspectos y de eso ha dado cuenta la prensa, nacional, estatal e incluso internacional.<\/p>\n\n\n\n<p>Y cada ataque, de quien sea, incluso se\u00f1alamientos period\u00edsticos, los ha descalificado y reducido a un ataque de \u201cconservadores\u201d (t\u00e9rmino ambiguo y que nadie sabe a qu\u00e9 se refiere) en contra de su plan \u201cdemocratizador\u201d. No hay un ejemplo en que reconozca una falla, que las hay, y recule, se disculpe o reconsidere.<\/p>\n\n\n\n<p>Y eso a su vez ha generado que el pa\u00eds se encuentre dividido, entre buenos y malos, entre cr\u00edticos y halagadores, entre aduladores y fifis, pero todos engoblados por el Presidente bajo el \u201cconservadurismo\u201d (se entiende de quienes no quieren cambios en el pa\u00eds).<\/p>\n\n\n\n<p>EXTREMO LORET<\/p>\n\n\n\n<p>Es cierto, hay periodistas de escritorio, de traje y corbata, que desde la comodidad de una oficina lujosa, con aire acondicionado y muchos subordinados, hacen \u201ccr\u00edticas\u201d con fines aviesos.<\/p>\n\n\n\n<p>Tambi\u00e9n es cierto que muchos pol\u00edticos est\u00e1n inmiscuidos en los medios de comunicaci\u00f3n \u2013la familia Madrazo Pintado, por ejemplo, con Latinus&#8211;&nbsp; y desde ah\u00ed impulsan e intentan imponer su ideolog\u00eda o sus intereses personales o grupales.<\/p>\n\n\n\n<p>Tambi\u00e9n es real que muchos resquemores y ataques \u201cperiod\u00edsticos\u201d son ordenados por altos ejecutivos, irritados por no conseguir en este sexenio los multimillonarios convenios publicitarios.<\/p>\n\n\n\n<p>Pero el Presidente ha centrado su irritaci\u00f3n en contra de un grupo de comunicadores, como Raymundo Riva Palacio, Joaqu\u00edn L\u00f3pez-D\u00f3riga y Carlos Loret de Mola. Televisa y Tv Azteca, siguen intocables, y con prebendas fuertes.<\/p>\n\n\n\n<p>En el colmo de la criminalizaci\u00f3n de la prensa en general &#8211;no de esos cuantos&#8211;ha creado un propio espacio para se\u00f1alar inconsistencias de los informadores, \u201cQui\u00e9n es qui\u00e9n en las mentiras\u201d, en que una se\u00f1orita que continuamente se equivoca &#8211;\u201cno es falso, pero no es verdadero&#8211; y ridiculiza a la prensa.<\/p>\n\n\n\n<p>Y en los \u00faltimos d\u00edas, L\u00f3pez Obrador ha centrado sus ataques contra Loret de Mola &#8211;a quien no defendemos ni se\u00f1alamos&#8211;, porque \u00e9ste ha exhibido una supuesta mansi\u00f3n propiedad del hijo mayor del Presidente, en Houston, Texas.<\/p>\n\n\n\n<p>La irritaci\u00f3n del mandatario lleg\u00f3 al punto de las l\u00e1grimas el pasado martes 15 de febrero para defender la honestidad de su familia\u2026 pero arremeti\u00f3 de nuevo contra la prensa, y de manera insistente contra Loret, al grado de llegar a una probable violaci\u00f3n a la ley, al revelar datos personales del comunicador.<\/p>\n\n\n\n<p>\u00bfQU\u00c9 SIGUE?<\/p>\n\n\n\n<p>Seg\u00fan Joaqu\u00edn L\u00f3pez D\u00f3riga, de acuerdo con el \u00faltimo reporte de Spin, la agencia de Luis Estrada, sobre las \u201cma\u00f1aneras\u201d, el presidente Andr\u00e9s Manuel L\u00f3pez Obrador ha mencionado en forma reiterada a intelectuales y periodistas, a los que ha reprochado lo que ha querido e involucrado en lo que se la ha ocurrido:<\/p>\n\n\n\n<p>Enrique Krauze es al que m\u00e1s ha nombrado, 171 veces, y H\u00e9ctor Aguilar Cam\u00edn, 129.<\/p>\n\n\n\n<p>En el rubro de periodistas, al que m\u00e1s se ha referido, sobre todo en los \u00faltimos d\u00edas a partir de la casa de Houston, es a Carlos Loret, 124 veces. Sigue L\u00f3pez D\u00f3riga al que ha citado en 52 ma\u00f1aneras, Ciro G\u00f3mez Leyva 49, Carmen Aristegui 44 y Raymundo Riva Palacio 20.<\/p>\n\n\n\n<p>El presidente est\u00e1 irritado y combate desde sus conferencias matutinas a todos sus enemigos. Pero especialmente a la prensa que lo critica, que es la mayor\u00eda.<\/p>\n\n\n\n<p>Con sus declaraciones y descalificaciones, el Presidente de M\u00e9xico s\u00f3lo ha conseguido mayor polarizaci\u00f3n en el pa\u00eds\u2026 y ha puesto en mayor riesgo a la prensa.<\/p>\n\n\n\n<p>Casualidad o no, en el periodo en que ha intensificado sus agresiones, en M\u00e9xico se han registrado en mes y medio cinco asesinatos de periodistas, uno de ellos en Oaxaca, sin contar una triple cantidad de ataques de todo tipo.<\/p>\n\n\n\n<p>Como lo hemos dicho, las y los periodistas no son un ente o un grupo privilegiado al que se le debe cumplir todos sus caprichos y poner a la toda la polic\u00eda a su alcance para resguardarlos.<\/p>\n\n\n\n<p>No. S\u00f3lo se pide a las autoridades de los tres niveles que respeten la labor de la prensa y que eviten agresiones&nbsp; y cr\u00edmenes. Por supuesto que hay yerros en la informaci\u00f3n, pero para eso existen los canales adecuados para precisar o en su caso para pedir rectificaci\u00f3n o hasta llegar a una denuncia judicial. Pero nunca llegar a los golpes, a los ataques verbales y a arrebatar la vida.<\/p>\n","protected":false},"excerpt":{"rendered":"<p>Ismael Garc\u00eda M.\/Zona Roja. Oaxaca de Ju\u00e1rez, Oax., 21 febrero de 2022.- Hay m\u00faltiples registros&hellip;<\/p>\n","protected":false},"author":2,"featured_media":7610,"comment_status":"closed","ping_status":"open","sticky":false,"template":"","format":"standard","meta":{"_lmt_disableupdate":"","_lmt_disable":"","_jetpack_memberships_contains_paid_content":false,"footnotes":""},"categories":[456,109,48],"tags":[1353],"class_list":["post-37877","post","type-post","status-publish","format-standard","has-post-thumbnail","hentry","category-columna","category-minuto-a-minuto","category-zona-critica","tag-opinion-zona-critica"],"jetpack_featured_media_url":"https:\/\/zonaroja.com.mx\/wp-content\/uploads\/2020\/01\/Opini\u00f3n-Zona-Cr\u00edtica.jpg","jetpack_sharing_enabled":true,"_links":{"self":[{"href":"https:\/\/zonaroja.com.mx\/index.php?rest_route=\/wp\/v2\/posts\/37877","targetHints":{"allow":["GET"]}}],"collection":[{"href":"https:\/\/zonaroja.com.mx\/index.php?rest_route=\/wp\/v2\/posts"}],"about":[{"href":"https:\/\/zonaroja.com.mx\/index.php?rest_route=\/wp\/v2\/types\/post"}],"author":[{"embeddable":true,"href":"https:\/\/zonaroja.com.mx\/index.php?rest_route=\/wp\/v2\/users\/2"}],"replies":[{"embeddable":true,"href":"https:\/\/zonaroja.com.mx\/index.php?rest_route=%2Fwp%2Fv2%2Fcomments&post=37877"}],"version-history":[{"count":1,"href":"https:\/\/zonaroja.com.mx\/index.php?rest_route=\/wp\/v2\/posts\/37877\/revisions"}],"predecessor-version":[{"id":37878,"href":"https:\/\/zonaroja.com.mx\/index.php?rest_route=\/wp\/v2\/posts\/37877\/revisions\/37878"}],"wp:featuredmedia":[{"embeddable":true,"href":"https:\/\/zonaroja.com.mx\/index.php?rest_route=\/wp\/v2\/media\/7610"}],"wp:attachment":[{"href":"https:\/\/zonaroja.com.mx\/index.php?rest_route=%2Fwp%2Fv2%2Fmedia&parent=37877"}],"wp:term":[{"taxonomy":"category","embeddable":true,"href":"https:\/\/zonaroja.com.mx\/index.php?rest_route=%2Fwp%2Fv2%2Fcategories&post=37877"},{"taxonomy":"post_tag","embeddable":true,"href":"https:\/\/zonaroja.com.mx\/index.php?rest_route=%2Fwp%2Fv2%2Ftags&post=37877"}],"curies":[{"name":"wp","href":"https:\/\/api.w.org\/{rel}","templated":true}]}}