{"id":37879,"date":"2022-02-21T08:41:47","date_gmt":"2022-02-21T14:41:47","guid":{"rendered":"http:\/\/www.zonaroja.com.mx\/?p=37879"},"modified":"2022-02-21T08:41:50","modified_gmt":"2022-02-21T14:41:50","slug":"incesante-ola-de-ataque-contra-mujeres-en-la-capital-de-oaxaca","status":"publish","type":"post","link":"https:\/\/zonaroja.com.mx\/?p=37879","title":{"rendered":"Incesante ola de ataque contra mujeres en la capital de Oaxaca"},"content":{"rendered":"\n<p>Redacci\u00f3n\/Zona Roja.<\/p>\n\n\n\n<p>Oaxaca de Ju\u00e1rez, Oax., 21 de febrero de 2022.- La ola de cr\u00edmenes y ataques crece en la ciudad de Oaxaca.<\/p>\n\n\n\n<p>En particular en contra de las mujeres, una de las cuales fue atacada la madrugada de ayer.<\/p>\n\n\n\n<p>Fue alrededor de la 01:30 horas en que Mar\u00eda V.S, de 51 a\u00f1os de edad, se encontraba en el Perif\u00e9rico esquina con Mercaderes, cerca de la Central de Abasto, cuando fue interceptada por sujetos desconocidos que le pidieron sus pertenencias.<\/p>\n\n\n\n<p>Intent\u00f3 oponer resistencia, pero fue lesionada con un picahielo y por lo cual qued\u00f3 lesionada de gravedad; param\u00e9dicos de la Cruz Roja la trasladaron a un hospital, donde convalece.<\/p>\n\n\n\n<p>En la \u00faltima semana, al menos cinco personas fueron atacadas tambi\u00e9n con arma blanca y con arma de fuego, adem\u00e1s de registrarse dos asesinatos.<\/p>\n\n\n\n<p>El 16 de febrero, tres personas fueron atacadas a balazos y machetazos y un caso de ellos fue en contra de Liliana, de 27 a\u00f1os de edad, baleada en la calle de La Luna del barrio del Ex Marquezado.<\/p>\n\n\n\n<p>De los asesinados a balazos, un caso ocurri\u00f3 el 14 de febrero, en la calle Galeana y privada de Las Casas de la capital; el otro fue entre la media noche y la madrugada del domingo pasado, en la colonia Heladio Ram\u00edrez L\u00f3pez.<\/p>\n","protected":false},"excerpt":{"rendered":"<p>Redacci\u00f3n\/Zona Roja. Oaxaca de Ju\u00e1rez, Oax., 21 de febrero de 2022.- La ola de cr\u00edmenes&hellip;<\/p>\n","protected":false},"author":2,"featured_media":37880,"comment_status":"closed","ping_status":"open","sticky":false,"template":"","format":"standard","meta":{"_lmt_disableupdate":"","_lmt_disable":"","_jetpack_memberships_contains_paid_content":false,"footnotes":""},"categories":[109,47],"tags":[148],"class_list":["post-37879","post","type-post","status-publish","format-standard","has-post-thumbnail","hentry","category-minuto-a-minuto","category-zona-gris","tag-oaxaca-de-juarez"],"jetpack_featured_media_url":"https:\/\/zonaroja.com.mx\/wp-content\/uploads\/2022\/02\/Asesinato-ciudad-de-Oaxaca.jpg","jetpack_sharing_enabled":true,"_links":{"self":[{"href":"https:\/\/zonaroja.com.mx\/index.php?rest_route=\/wp\/v2\/posts\/37879","targetHints":{"allow":["GET"]}}],"collection":[{"href":"https:\/\/zonaroja.com.mx\/index.php?rest_route=\/wp\/v2\/posts"}],"about":[{"href":"https:\/\/zonaroja.com.mx\/index.php?rest_route=\/wp\/v2\/types\/post"}],"author":[{"embeddable":true,"href":"https:\/\/zonaroja.com.mx\/index.php?rest_route=\/wp\/v2\/users\/2"}],"replies":[{"embeddable":true,"href":"https:\/\/zonaroja.com.mx\/index.php?rest_route=%2Fwp%2Fv2%2Fcomments&post=37879"}],"version-history":[{"count":1,"href":"https:\/\/zonaroja.com.mx\/index.php?rest_route=\/wp\/v2\/posts\/37879\/revisions"}],"predecessor-version":[{"id":37881,"href":"https:\/\/zonaroja.com.mx\/index.php?rest_route=\/wp\/v2\/posts\/37879\/revisions\/37881"}],"wp:featuredmedia":[{"embeddable":true,"href":"https:\/\/zonaroja.com.mx\/index.php?rest_route=\/wp\/v2\/media\/37880"}],"wp:attachment":[{"href":"https:\/\/zonaroja.com.mx\/index.php?rest_route=%2Fwp%2Fv2%2Fmedia&parent=37879"}],"wp:term":[{"taxonomy":"category","embeddable":true,"href":"https:\/\/zonaroja.com.mx\/index.php?rest_route=%2Fwp%2Fv2%2Fcategories&post=37879"},{"taxonomy":"post_tag","embeddable":true,"href":"https:\/\/zonaroja.com.mx\/index.php?rest_route=%2Fwp%2Fv2%2Ftags&post=37879"}],"curies":[{"name":"wp","href":"https:\/\/api.w.org\/{rel}","templated":true}]}}