{"id":37883,"date":"2022-02-21T16:11:11","date_gmt":"2022-02-21T22:11:11","guid":{"rendered":"https:\/\/www.zonaroja.com.mx\/?p=37883"},"modified":"2022-02-21T16:12:30","modified_gmt":"2022-02-21T22:12:30","slug":"estancada-la-justicia-a-20-meses-de-masacre-en-san-mateo-del-mar","status":"publish","type":"post","link":"https:\/\/zonaroja.com.mx\/?p=37883","title":{"rendered":"Estancada la justicia, a 20 meses de masacre en San Mateo del Mar"},"content":{"rendered":"\n<p>Yuridiana Sosa\/Zona Roja.<\/p>\n\n\n\n<p>Oaxaca de Ju\u00e1rez, Oax., 21 de febrero de 2022.- La ejecuci\u00f3n de un centenar de \u00f3rdenes de aprehensi\u00f3n por la masacre de Huazantl\u00e1n del R\u00edo, agencia de San Mateo del Mar, siguen detenidas, bajo la larga promesa de la Fiscal\u00eda General del Estado que proceder\u00e1n.<\/p>\n\n\n\n<p>A 20 meses de los violentos hechos donde un grupo de personas asesin\u00f3 a 15 habitantes, entre ellos dos mujeres, el Comit\u00e9 de V\u00edctimas y Familiares Ikoots de San Mateo del Mar sostienen su exigencia de justicia, mientras viven desplazados de su comunidad y en plant\u00f3n en el z\u00f3calo de la capital<\/p>\n\n\n\n<p>En el transcurso de este tiempo y a pesar que se encuentran frente a Palacio de Gobierno, las 15 familias desplazadas no han recibido la atenci\u00f3n debida por parte del gobierno del estado, por lo que est\u00e1n lejos de la reparaci\u00f3n del da\u00f1o y las garant\u00edas para poder regresar a su comunidad.<\/p>\n\n\n\n<p>El representante legal, Cristino Palacios, apunt\u00f3 que la Fiscal\u00eda de Oaxaca que encabeza Arturo Peimbert refiere que las investigaciones contin\u00faan, as\u00ed como apunta que se realizar\u00e1n las aprehensiones pendientes.<\/p>\n\n\n\n<p>Pero, en tanto eso ocurre, apunt\u00f3, las personas involucradas en la masacre siguen en la comunidad gozando de la impunidad, e incluso hasta ejerciendo como autoridad.<\/p>\n\n\n\n<p>Por este hecho solo hay una persona detenida, misma que se aprehendi\u00f3 casi a a\u00f1o y medio de la masacre. <\/p>\n","protected":false},"excerpt":{"rendered":"<p>Yuridiana Sosa\/Zona Roja. Oaxaca de Ju\u00e1rez, Oax., 21 de febrero de 2022.- La ejecuci\u00f3n de&hellip;<\/p>\n","protected":false},"author":2,"featured_media":37882,"comment_status":"closed","ping_status":"open","sticky":false,"template":"","format":"standard","meta":{"_lmt_disableupdate":"","_lmt_disable":"","_jetpack_memberships_contains_paid_content":false,"footnotes":""},"categories":[109,47],"tags":[],"class_list":["post-37883","post","type-post","status-publish","format-standard","has-post-thumbnail","hentry","category-minuto-a-minuto","category-zona-gris"],"jetpack_featured_media_url":"https:\/\/zonaroja.com.mx\/wp-content\/uploads\/2022\/02\/4609d25d-9f75-48cc-8506-0d14c9b82237.jpg","jetpack_sharing_enabled":true,"_links":{"self":[{"href":"https:\/\/zonaroja.com.mx\/index.php?rest_route=\/wp\/v2\/posts\/37883","targetHints":{"allow":["GET"]}}],"collection":[{"href":"https:\/\/zonaroja.com.mx\/index.php?rest_route=\/wp\/v2\/posts"}],"about":[{"href":"https:\/\/zonaroja.com.mx\/index.php?rest_route=\/wp\/v2\/types\/post"}],"author":[{"embeddable":true,"href":"https:\/\/zonaroja.com.mx\/index.php?rest_route=\/wp\/v2\/users\/2"}],"replies":[{"embeddable":true,"href":"https:\/\/zonaroja.com.mx\/index.php?rest_route=%2Fwp%2Fv2%2Fcomments&post=37883"}],"version-history":[{"count":1,"href":"https:\/\/zonaroja.com.mx\/index.php?rest_route=\/wp\/v2\/posts\/37883\/revisions"}],"predecessor-version":[{"id":37884,"href":"https:\/\/zonaroja.com.mx\/index.php?rest_route=\/wp\/v2\/posts\/37883\/revisions\/37884"}],"wp:featuredmedia":[{"embeddable":true,"href":"https:\/\/zonaroja.com.mx\/index.php?rest_route=\/wp\/v2\/media\/37882"}],"wp:attachment":[{"href":"https:\/\/zonaroja.com.mx\/index.php?rest_route=%2Fwp%2Fv2%2Fmedia&parent=37883"}],"wp:term":[{"taxonomy":"category","embeddable":true,"href":"https:\/\/zonaroja.com.mx\/index.php?rest_route=%2Fwp%2Fv2%2Fcategories&post=37883"},{"taxonomy":"post_tag","embeddable":true,"href":"https:\/\/zonaroja.com.mx\/index.php?rest_route=%2Fwp%2Fv2%2Ftags&post=37883"}],"curies":[{"name":"wp","href":"https:\/\/api.w.org\/{rel}","templated":true}]}}