{"id":37885,"date":"2022-02-21T18:17:13","date_gmt":"2022-02-22T00:17:13","guid":{"rendered":"http:\/\/www.zonaroja.com.mx\/?p=37885"},"modified":"2022-02-21T18:17:16","modified_gmt":"2022-02-22T00:17:16","slug":"realizan-en-la-entidad-el-foro-retos-de-la-zona-metropolitana-de-oaxaca","status":"publish","type":"post","link":"https:\/\/zonaroja.com.mx\/?p=37885","title":{"rendered":"Realizan en la entidad el foro \u201cRetos de la Zona Metropolitana de Oaxaca\u201d"},"content":{"rendered":"\n<p>Redacci\u00f3n\/Zona Roja.<\/p>\n\n\n\n<p>Oaxaca de Ju\u00e1rez, Oax. 21 de febrero de 2022.- Con la participaci\u00f3n de panelistas provenientes de diferentes estados de la rep\u00fablica, se llev\u00f3 a cabo el Primer Foro Estatal de Movilidad Sustentable \u201cRetos de la Zona Metropolitana de Oaxaca\u201d, organizado por la Secretar\u00eda de Movilidad (Semovi).<\/p>\n\n\n\n<p>Este evento se efectu\u00f3 en el Foro Panor\u00e1mico del Centro Cultural y de Convenciones de Oaxaca (CCCO), en el cual se abordaron temas como la importancia del uso de la bicicleta como medio de transporte, la infraestructura ciclista en el contexto de la pandemia y de la emergencia por el cambio clim\u00e1tico; as\u00ed como los retos de la implementaci\u00f3n de la infraestructura ciclista en distintas ciudades del pa\u00eds.<\/p>\n\n\n\n<p>Los temas fueron expuestos desde las voces de expertos en materia de movilidad, que han realizado trabajo en este sector en otras ciudades de M\u00e9xico, como la Directora de Movilidad, de la Secretar\u00eda de Desarrollo, Agrario, Territorial y Urbano (Sedatu) y la Directora General de Seguridad Vial y Sistemas de Movilidad, de la Ciudad de M\u00e9xico.<\/p>\n\n\n\n<p>En este encuentro tambi\u00e9n participaron, el Director de Movilidad del ayuntamiento de Guadalajara, la Coordinadora de proyectos de movilidad del Instituto de Movilidad Urbana y Territorial del Gobierno del estado de Yucat\u00e1n y la Directora de Movilidad del Instituto Municipal de Planeaci\u00f3n y Gesti\u00f3n Urbana de San Pedro Garza Garc\u00eda; como moderador particip\u00f3 el Periodista de Milenio, especialista en movilidad, H\u00e9ctor Zamarr\u00f3n.<\/p>\n\n\n\n<p>En su participaci\u00f3n, el representante del Colectivo Oaxaca por la Movilidad, Edgar Estrada refiri\u00f3 que este foro significa un espacio de an\u00e1lisis y reflexi\u00f3n, sobre temas que deben ser del inter\u00e9s de todas las personas usuarias de las v\u00edas p\u00fablicas.<\/p>\n\n\n\n<p>\u201cYa sea que nos desplacemos como peatones, en bicicleta o alg\u00fan otro medio de impulso humano, o a trav\u00e9s de diversos veh\u00edculos motorizados, es importante conocer y ejercer los derechos que est\u00e1n reconocidos en la Constituci\u00f3n Pol\u00edtica de los Estados Unidos Mexicanos, en las leyes de movilidad y sus respectivos reglamentos pero tambi\u00e9n para estar conscientes de nuestros deberes y responsabilidades, al hacer uso de esos derechos, especialmente al conducir veh\u00edculos de motor\u201d, enfatiz\u00f3.<\/p>\n\n\n\n<p>Tambi\u00e9n se cont\u00f3 con la participaci\u00f3n del colectivo EnBiciAndo y estuvo representado por su integrante David Morales, quien subray\u00f3 que a trav\u00e9s de estos ejercicios de comunicaci\u00f3n, podemos obtener informaci\u00f3n y herramientas que nos ayuden a entender la movilidad en nuestra ciudad a trav\u00e9s de los ponentes que aportan sus experiencias y saberes.<\/p>\n\n\n\n<p>\u201cEs de importancia tener estos ejercicios con frecuencia para consolidar saberes en la poblaci\u00f3n ciclista pero de gran utilidad ser\u00e1 hacerlos llegar a los automovilistas y transportistas\u201d, finaliz\u00f3.<\/p>\n\n\n\n<p>Por otra parte, el integrante de la Vixi Escuela, Jamil M\u00e1rquez destac\u00f3 la relevancia de este foro porque se escuchan, comparten y visibilizan experiencias y otras formas de movilidad que no sean el veh\u00edculo. Se genera una red entre instituciones y organizaciones de la sociedad civil, que permite una mejora en la movilidad y el acceso a ella desde la inclusi\u00f3n, equidad e igualdad.<\/p>\n\n\n\n<p>En relaci\u00f3n a la pr\u00e1ctica de la bicicleta como medio de transporte, Luis Alonso V\u00e1squez, de Oaxaca por la Movilidad, puntualiz\u00f3 que su uso se alinea de manera consistente, con los objetivos de la Organizaci\u00f3n de las Naciones Unidas (ONU) y es congruente respecto al sentido de la atenci\u00f3n al medio ambiente, destacando el contexto actual de la emergencia sanitaria que atraviesa la poblaci\u00f3n mundial; brinda importantes beneficios para la salud, activa la econom\u00eda local y la seguridad de las personas.<\/p>\n\n\n\n<p>Por su parte, el colectivo Insolente Oaxaca, a trav\u00e9s de Ruth Salvador, insisti\u00f3 que actualmente, con el cambio clim\u00e1tico, la bicicleta sin motor es un transporte noble que no genera contaminaci\u00f3n; con motor, ayuda a las personas a movilizarse de forma m\u00e1s confortable y es de gran ayuda para personas con discapacidad, reduciendo el desgaste.<\/p>\n\n\n\n<p>\u201cEs urgente frenar el da\u00f1o casi irreversible a nuestro planeta y la bicicleta, sin duda, es la alternativa perfecta para tener ciudades m\u00e1s limpias, transitables y seguras. Es s\u00faper importante darles un respiro a nuestras ciudades, buscando nuevas alternativas de transporte, que tambi\u00e9n traer\u00e1n beneficios a la salud de sus usuarios\u201d, declar\u00f3 Jaziel Mendoza de Valery Biciestaciones.<\/p>\n\n\n\n<p>Las y los ponentes destacaron los enormes beneficios de utilizar este medio de transporte en las ciudades. Fundamentalmente trabajar en t\u00e9rminos de Justicia Social, visualizando la planeaci\u00f3n a partir de estrategias de ordenamiento territorial, donde la columna vertebral sea mejorar la calidad del transporte p\u00fablico, vinculando el Desarrollo Urbano y la Movilidad como un Derecho Humano Constitucional.<\/p>\n\n\n\n<p>Un aspecto central a mencionar por parte de las y los ponentes, es el hecho ineludible de comprender la movilidad como un sistema, sustentado en Marcos Normativos Institucionales, desarrollo de capacidades al interior de los equipos, que impulsen un cambio de paradigma cultural, a trav\u00e9s de la efectiva comunicaci\u00f3n entre Instituciones P\u00fablicas y Sociedad Civil.<\/p>\n\n\n\n<p>Entre sus conclusiones resaltaron que el uso de la bicicleta fortalece entre la poblaci\u00f3n pr\u00e1cticas conscientes con el medio ambiente, promueve la movilidad segura y sustentable, y fomenta la cultura vial, favoreciendo el crecimiento econ\u00f3mico, e indudablemente proporciona m\u00faltiples beneficios para la salud.<\/p>\n\n\n\n<p>El foro cont\u00f3 con la asistencia de decenas de personas, entre ellas universitarias y universitarios de las diferentes facultades de Arquitectura; impuls\u00f3 la socializaci\u00f3n y el aprendizaje conjunto, respecto al uso de la bicicleta como medio de transporte sustentable, enfoc\u00e1ndose en la Zona Metropolitana de Oaxaca, as\u00ed como en las experiencias y acciones en otras partes del pa\u00eds.<\/p>\n","protected":false},"excerpt":{"rendered":"<p>Redacci\u00f3n\/Zona Roja. Oaxaca de Ju\u00e1rez, Oax. 21 de febrero de 2022.- Con la participaci\u00f3n de&hellip;<\/p>\n","protected":false},"author":2,"featured_media":37886,"comment_status":"closed","ping_status":"open","sticky":false,"template":"","format":"standard","meta":{"_lmt_disableupdate":"","_lmt_disable":"","_jetpack_memberships_contains_paid_content":false,"footnotes":""},"categories":[109,46],"tags":[2484],"class_list":["post-37885","post","type-post","status-publish","format-standard","has-post-thumbnail","hentry","category-minuto-a-minuto","category-zona-blanca","tag-secretaria-de-movilidad-semovi"],"jetpack_featured_media_url":"https:\/\/zonaroja.com.mx\/wp-content\/uploads\/2022\/02\/Semovi-ciclovia-bicicleta.jpeg","jetpack_sharing_enabled":true,"_links":{"self":[{"href":"https:\/\/zonaroja.com.mx\/index.php?rest_route=\/wp\/v2\/posts\/37885","targetHints":{"allow":["GET"]}}],"collection":[{"href":"https:\/\/zonaroja.com.mx\/index.php?rest_route=\/wp\/v2\/posts"}],"about":[{"href":"https:\/\/zonaroja.com.mx\/index.php?rest_route=\/wp\/v2\/types\/post"}],"author":[{"embeddable":true,"href":"https:\/\/zonaroja.com.mx\/index.php?rest_route=\/wp\/v2\/users\/2"}],"replies":[{"embeddable":true,"href":"https:\/\/zonaroja.com.mx\/index.php?rest_route=%2Fwp%2Fv2%2Fcomments&post=37885"}],"version-history":[{"count":1,"href":"https:\/\/zonaroja.com.mx\/index.php?rest_route=\/wp\/v2\/posts\/37885\/revisions"}],"predecessor-version":[{"id":37887,"href":"https:\/\/zonaroja.com.mx\/index.php?rest_route=\/wp\/v2\/posts\/37885\/revisions\/37887"}],"wp:featuredmedia":[{"embeddable":true,"href":"https:\/\/zonaroja.com.mx\/index.php?rest_route=\/wp\/v2\/media\/37886"}],"wp:attachment":[{"href":"https:\/\/zonaroja.com.mx\/index.php?rest_route=%2Fwp%2Fv2%2Fmedia&parent=37885"}],"wp:term":[{"taxonomy":"category","embeddable":true,"href":"https:\/\/zonaroja.com.mx\/index.php?rest_route=%2Fwp%2Fv2%2Fcategories&post=37885"},{"taxonomy":"post_tag","embeddable":true,"href":"https:\/\/zonaroja.com.mx\/index.php?rest_route=%2Fwp%2Fv2%2Ftags&post=37885"}],"curies":[{"name":"wp","href":"https:\/\/api.w.org\/{rel}","templated":true}]}}