{"id":37888,"date":"2022-02-21T18:55:14","date_gmt":"2022-02-22T00:55:14","guid":{"rendered":"http:\/\/www.zonaroja.com.mx\/?p=37888"},"modified":"2022-02-21T18:55:19","modified_gmt":"2022-02-22T00:55:19","slug":"caotico-inicio-de-semana-en-oaxaca-con-multiples-protestas","status":"publish","type":"post","link":"https:\/\/zonaroja.com.mx\/?p=37888","title":{"rendered":"Ca\u00f3tico inicio de semana en Oaxaca con m\u00faltiples protestas"},"content":{"rendered":"\n<p>Yuridiana Sosa\/Zona Roja.<\/p>\n\n\n\n<p>Oaxaca de Ju\u00e1rez, Oax, 21 de febrero de 2022.- Una serie de problem\u00e1ticas sin resolver por parte de la Secretar\u00eda General de Gobierno (Segego) volvieron a detonar este inicio de semana en Oaxaca, con la manifestaci\u00f3n de diferentes sectores en la capital y zona conurbada, que demandan soluciones.<\/p>\n\n\n\n<p>Integrantes de sindicatos, organizaciones sociales, ciudadanos y autoridades realizaron distintas expresiones de inconformidad que deriv\u00f3 en \u201cplantones\u201d, bloqueos de calles, y hasta de la suspensi\u00f3n de servicios de recolecci\u00f3n de basura por personal del ayuntamiento de Oaxaca de Ju\u00e1rez que agravaron la imagen urbana de la ciudad.<\/p>\n\n\n\n<figure class=\"wp-block-embed is-type-rich is-provider-twitter wp-block-embed-twitter\"><div class=\"wp-block-embed__wrapper\">\n<div class=\"twitter-tweet\"><blockquote class=\"twitter-tweet\" data-lang=\"es\"><p lang=\"es\" dir=\"ltr\"><a href=\"https:\/\/twitter.com\/hashtag\/ENVIVO?src=hash&amp;ref_src=twsrc%5Etfw\">#ENVIVO<\/a><br>Oaxaca de Ju\u00e1rez, Oax., 21 de febrero de 2022.- Conferencia de prensa de trabajadores sindicalizados del Instituto de Estudios de Bachillerato, apoyada por la organizaci\u00f3n \u201cSol Rojo\u201d y otros grupos. <br>Aqu\u00ed la transmisi\u00f3n:<br>\ud83d\udc47<a href=\"https:\/\/t.co\/2Gj9j8ofnC\">https:\/\/t.co\/2Gj9j8ofnC<\/a> <a href=\"https:\/\/t.co\/rVyG0rtJmO\">pic.twitter.com\/rVyG0rtJmO<\/a><\/p>&mdash; Zona Roja Oaxaca (@ZonaRoja_Oaxaca) <a href=\"https:\/\/twitter.com\/ZonaRoja_Oaxaca\/status\/1495802747995754497?ref_src=twsrc%5Etfw\">21 de febrero de 2022<\/a><\/blockquote><\/div>\n<\/div><\/figure>\n\n\n\n<p>L\u00cdO SINDICAL<\/p>\n\n\n\n<p>Respaldados por la organizaci\u00f3n social \u201cSol Rojo\u201d, como nunca antes se hab\u00eda visto, integrantes del Sindicato \u00danico de Trabajadores del Telebachillerato Comunitario del Estado de Oaxaca (SUTTBCEO) se manifestaron frente a Casa Oficial, en el Centro Hist\u00f3rico de la capital, para denunciar supuestas irregularidades por parte de la direcci\u00f3n general de esta instituci\u00f3n.<\/p>\n\n\n\n<p>La protesta fue encabezada por el secretario general, Celestino Jim\u00e9nez, contra quien existen denuncias de acoso laboral y de violencia por raz\u00f3n de g\u00e9nero.<\/p>\n\n\n\n<p>El dirigente sindical se\u00f1al\u00f3 que las acusaciones en su contra son parte de una estrategia armada por el gobierno del estado para denunciar las deficiencias laborales y exigirles que cumplan con el contrato colectivo de trabajo.<\/p>\n\n\n\n<p>Apunt\u00f3 que desde el a\u00f1o 2020 han solicitado por medio de diferentes escritos dirigidos a distintas instancias entre las que destacan a la Secretar\u00eda General de Gobierno y al gobernador Alejandro Murat Hinojosa, para subsanar las fallas en el sistema para ofrecer una mejor atenci\u00f3n acad\u00e9mica.<\/p>\n\n\n\n<p>Por su parte, la directora general Bel\u00e9n Morales, present\u00f3 una denuncia ante la Fiscal\u00eda General de Oaxaca por violencia por raz\u00f3n de g\u00e9nero por parte del l\u00edder sindical Celestino Jim\u00e9nez, quien adem\u00e1s ejerce violencia verbal por no ceder a sus exigencias.<\/p>\n\n\n\n<p>De acuerdo con la funcionaria, el secretario del SUTTBCEO demanda la destituci\u00f3n de una maestra, sin que existan motivos para hacerlo y adem\u00e1s se violentar\u00edan los derechos de la docente.<\/p>\n\n\n\n<figure class=\"wp-block-embed is-type-rich is-provider-twitter wp-block-embed-twitter\"><div class=\"wp-block-embed__wrapper\">\n<div class=\"twitter-tweet\"><blockquote class=\"twitter-tweet\" data-lang=\"es\"><p lang=\"es\" dir=\"ltr\">Sin atenci\u00f3n de la <a href=\"https:\/\/twitter.com\/SEGEGO_GobOax?ref_src=twsrc%5Etfw\">@SEGEGO_GobOax<\/a>, el \u201cplant\u00f3n\u201d de varias organizaciones sociales se mantiene en el z\u00f3calo de la ciudad de <a href=\"https:\/\/twitter.com\/hashtag\/Oaxaca?src=hash&amp;ref_src=twsrc%5Etfw\">#Oaxaca<\/a>. <a href=\"https:\/\/t.co\/iPjBbelmiH\">pic.twitter.com\/iPjBbelmiH<\/a><\/p>&mdash; Zona Roja Oaxaca (@ZonaRoja_Oaxaca) <a href=\"https:\/\/twitter.com\/ZonaRoja_Oaxaca\/status\/1495904255198306305?ref_src=twsrc%5Etfw\">21 de febrero de 2022<\/a><\/blockquote><\/div>\n<\/div><\/figure>\n\n\n\n<p>INSTALAN \u201cPLANT\u00d3N\u201d<\/p>\n\n\n\n<p>Agrupadas en la Alianza de los Pueblos por la Justicia Social, representaciones de 10 organizaciones de todo el estado instalaron un bloqueo en el z\u00f3calo de la capital, para exigir a la Secretar\u00eda General de Gobierno que cumpla con una serie de mesas de di\u00e1logo que prometi\u00f3 a partir de este lunes.<\/p>\n\n\n\n<p>Entre las demandas principales se encuentra justicia por los asesinatos de integrantes de sus organizaciones; recursos para las agencias municipales que denuncian que los ediles no les otorgan beneficios del ramo 33, 28 y fondo IV, as\u00ed como obras de beneficio social estancadas en varias dependencias y con las que se acord\u00f3 llevar a cabo mesas de negociaci\u00f3n.<\/p>\n\n\n\n<p>Los encuentros se programaron para este lunes, martes y mi\u00e9rcoles con dependencias como Secretar\u00eda de Finanzas, Sinfra, CAO, IOCIFED, Coplade, entre otras, de las que piden la atenci\u00f3n directa con sus titulares.<\/p>\n\n\n\n<p>Depender\u00e1 de los avances que se tengan en las mesas programadas para este lunes, martes y mi\u00e9rcoles, para definir sobre su retiro o incremento de movilizaciones.<\/p>\n\n\n\n<p>Tambi\u00e9n en el z\u00f3calo, de forma separada, el Comit\u00e9 de V\u00edctimas y Familiares Ikoots de San Mateo del Mar realiz\u00f3 una conferencia de prensa para denunciar que a un a\u00f1o y ocho meses de la masacre, donde asesinaron a 15 habitantes, no hay justicia y la Fiscal\u00eda General de Oaxaca sigue sin ejecutar unas 100 \u00f3rdenes de aprehensi\u00f3n pendientes.<\/p>\n\n\n\n<figure class=\"wp-block-embed is-type-rich is-provider-twitter wp-block-embed-twitter\"><div class=\"wp-block-embed__wrapper\">\n<div class=\"twitter-tweet\"><blockquote class=\"twitter-tweet\" data-lang=\"es\"><p lang=\"es\" dir=\"ltr\"><a href=\"https:\/\/twitter.com\/hashtag\/%C3%9AltimoMinuto?src=hash&amp;ref_src=twsrc%5Etfw\">#\u00daltimoMinuto<\/a> <br>Una en\u00e9sima protesta se registra hoy en la v\u00eda federal 190, crucero hacia Tuxtepec, al oriente de la capital, por parte de pobladores de San Juan Chicomez\u00fachitl. <a href=\"https:\/\/t.co\/6bAfaWjNPT\">pic.twitter.com\/6bAfaWjNPT<\/a><\/p>&mdash; Zona Roja Oaxaca (@ZonaRoja_Oaxaca) <a href=\"https:\/\/twitter.com\/ZonaRoja_Oaxaca\/status\/1495839818651156481?ref_src=twsrc%5Etfw\">21 de febrero de 2022<\/a><\/blockquote><\/div>\n<\/div><\/figure>\n\n\n\n<p>OTRAS MANIFESTACIONES<\/p>\n\n\n\n<p>A su vez, habitantes del municipio de San Juan Chicomez\u00fachil, de la Sierra Norte, regresaron a los Valles Centrales para manifestarse y exigir al gobierno de Oaxaca otorgue los recursos que le corresponden para la rehabilitaci\u00f3n del sistema de riego \u201cXia Chicomez\u00fachil\u201d.<\/p>\n\n\n\n<p>Habitantes y autoridades se\u00f1alaron que esta obra, de un monto de un mill\u00f3n 269 mil 40 pesos, est\u00e1 proyectada con la aportaci\u00f3n del 50 por ciento por parte del gobierno federal y el resto del estatal, pero el gobierno de Oaxaca no ha cumplido desde hace dos a\u00f1os con el pago de su parte.<\/p>\n\n\n\n<p>Ante el incumplimiento, el gobierno de M\u00e9xico les inform\u00f3 que a finales de este mes devolver\u00e1n el dinero a la federaci\u00f3n en caso que no se logre completar la aportaci\u00f3n.<\/p>\n\n\n\n<p>Los inconformes se manifestaron en un carril del crucero de la carretera internacional 190 y v\u00eda a Huay\u00e1pam, donde por medio de pancartas dieron a conocer su inconformidad.<\/p>\n\n\n\n<figure class=\"wp-block-embed is-type-rich is-provider-twitter wp-block-embed-twitter\"><div class=\"wp-block-embed__wrapper\">\n<div class=\"twitter-tweet\"><blockquote class=\"twitter-tweet\" data-lang=\"es\"><p lang=\"es\" dir=\"ltr\"><a href=\"https:\/\/twitter.com\/hashtag\/ENVIVO?src=hash&amp;ref_src=twsrc%5Etfw\">#ENVIVO<\/a><br>Oaxaca de Ju\u00e1rez, Oax., 21 de febrero de 2022.- Conferencia de prensa de v\u00edctimas de la masacre en <a href=\"https:\/\/twitter.com\/hashtag\/Huazantl%C3%A1n?src=hash&amp;ref_src=twsrc%5Etfw\">#Huazantl\u00e1n<\/a>, San Mateo del Mar, <a href=\"https:\/\/twitter.com\/hashtag\/Oaxaca?src=hash&amp;ref_src=twsrc%5Etfw\">#Oaxaca<\/a>.<br>Aqu\u00ed la transmisi\u00f3n:<br>\ud83d\udc47<a href=\"https:\/\/t.co\/IcAa7nZ7T3\">https:\/\/t.co\/IcAa7nZ7T3<\/a> <a href=\"https:\/\/t.co\/iXyuWEvrT0\">pic.twitter.com\/iXyuWEvrT0<\/a><\/p>&mdash; Zona Roja Oaxaca (@ZonaRoja_Oaxaca) <a href=\"https:\/\/twitter.com\/ZonaRoja_Oaxaca\/status\/1495796546411061254?ref_src=twsrc%5Etfw\">21 de febrero de 2022<\/a><\/blockquote><\/div>\n<\/div><\/figure>\n\n\n\n<p>TAMBI\u00c9N SINDICALIZADOS<\/p>\n\n\n\n<p>Por otra parte, el Sindicato \u201c3 de Marzo\u201d del ayuntamiento de Oaxaca de Ju\u00e1rez par\u00f3 labores y dej\u00f3 a los capitalinos sin servicio de recolecci\u00f3n de basura para exigir al gobierno municipal mantenimiento a sus unidades recolectoras e insumos.<\/p>\n\n\n\n<p>Ante este problema, la capital se replet\u00f3 de forma inmediata de basura en distintos puntos, lo cual empeor\u00f3 la imagen de la ciudad.<\/p>\n\n\n\n<p>En tanto, estudiantes normalistas realizaron una protesta pac\u00edfica frente al teatro Macedonio Alcal\u00e1 para insistir en su exigencia de contrataci\u00f3n inmediata y directa por parte del Instituto Estatal de Educaci\u00f3n P\u00fablica de Oaxaca (IEEPO).<\/p>\n","protected":false},"excerpt":{"rendered":"<p>Yuridiana Sosa\/Zona Roja. Oaxaca de Ju\u00e1rez, Oax, 21 de febrero de 2022.- Una serie de&hellip;<\/p>\n","protected":false},"author":2,"featured_media":37889,"comment_status":"closed","ping_status":"open","sticky":false,"template":"","format":"standard","meta":{"_lmt_disableupdate":"","_lmt_disable":"","_jetpack_memberships_contains_paid_content":false,"footnotes":""},"categories":[109,47],"tags":[2254],"class_list":["post-37888","post","type-post","status-publish","format-standard","has-post-thumbnail","hentry","category-minuto-a-minuto","category-zona-gris","tag-protestas-y-bloqueos-oaxaca"],"jetpack_featured_media_url":"https:\/\/zonaroja.com.mx\/wp-content\/uploads\/2022\/02\/Protesta-Chicomezuchil-Oaxaca.jpg","jetpack_sharing_enabled":true,"_links":{"self":[{"href":"https:\/\/zonaroja.com.mx\/index.php?rest_route=\/wp\/v2\/posts\/37888","targetHints":{"allow":["GET"]}}],"collection":[{"href":"https:\/\/zonaroja.com.mx\/index.php?rest_route=\/wp\/v2\/posts"}],"about":[{"href":"https:\/\/zonaroja.com.mx\/index.php?rest_route=\/wp\/v2\/types\/post"}],"author":[{"embeddable":true,"href":"https:\/\/zonaroja.com.mx\/index.php?rest_route=\/wp\/v2\/users\/2"}],"replies":[{"embeddable":true,"href":"https:\/\/zonaroja.com.mx\/index.php?rest_route=%2Fwp%2Fv2%2Fcomments&post=37888"}],"version-history":[{"count":1,"href":"https:\/\/zonaroja.com.mx\/index.php?rest_route=\/wp\/v2\/posts\/37888\/revisions"}],"predecessor-version":[{"id":37890,"href":"https:\/\/zonaroja.com.mx\/index.php?rest_route=\/wp\/v2\/posts\/37888\/revisions\/37890"}],"wp:featuredmedia":[{"embeddable":true,"href":"https:\/\/zonaroja.com.mx\/index.php?rest_route=\/wp\/v2\/media\/37889"}],"wp:attachment":[{"href":"https:\/\/zonaroja.com.mx\/index.php?rest_route=%2Fwp%2Fv2%2Fmedia&parent=37888"}],"wp:term":[{"taxonomy":"category","embeddable":true,"href":"https:\/\/zonaroja.com.mx\/index.php?rest_route=%2Fwp%2Fv2%2Fcategories&post=37888"},{"taxonomy":"post_tag","embeddable":true,"href":"https:\/\/zonaroja.com.mx\/index.php?rest_route=%2Fwp%2Fv2%2Ftags&post=37888"}],"curies":[{"name":"wp","href":"https:\/\/api.w.org\/{rel}","templated":true}]}}