{"id":3789,"date":"2019-09-08T21:34:12","date_gmt":"2019-09-09T02:34:12","guid":{"rendered":"http:\/\/www.zonaroja.com.mx\/?p=3789"},"modified":"2019-09-08T21:34:14","modified_gmt":"2019-09-09T02:34:14","slug":"protestara-seccion-22-el-martes-en-cdmx-por-analisis-de-leyes-secundarias","status":"publish","type":"post","link":"https:\/\/zonaroja.com.mx\/?p=3789","title":{"rendered":"Protestar\u00e1 Secci\u00f3n 22 el martes en Cdmx, por an\u00e1lisis de leyes secundarias"},"content":{"rendered":"\n<p>Redacci\u00f3n\/Zona\nRoja.<\/p>\n\n\n\n<p>Oaxaca de\nJu\u00e1rez, Oax., 8 de septiembre de 2019.- La Asamblea Estatal de la Secci\u00f3n 22 del\nSindicato Nacional de Trabajadores de la Educaci\u00f3n (SNTE) acord\u00f3 movilizarse en\nla ciudad de M\u00e9xico en el marco de la discusi\u00f3n de las normas secundarias de la\nLey General de Educaci\u00f3n.<\/p>\n\n\n\n<p>Para ello,\nmovilizar\u00e1 el 30 por ciento de su membres\u00eda a la sede de la C\u00e1mara de Diputados\nfederal, donde se discutir\u00e1n las leyes.<\/p>\n\n\n\n<p>\u201cLa defensa\nde la educaci\u00f3n p\u00fablica y de los derechos laborales y sindicales son el\nesp\u00edritu de la manifestaci\u00f3n pol\u00edtica de la Secci\u00f3n XXII, a partir de este\nmomento las representaciones delegacionales tienen la encomienda de preparar la\nparticipaci\u00f3n representativa de los Trabajadores de la Educaci\u00f3n en la Ciudad\nde M\u00e9xico\u201d, dijo en un comunicado.<\/p>\n\n\n\n<p>Por otra\nparte, expuso que a dos a\u00f1os del sismo que devast\u00f3 la mayor parte del Istmo de\nTehuantepec, \u201cla deuda del gobierno con el pueblo est\u00e1 pendiente\u201d.<\/p>\n\n\n\n<p>\u201cLa espera,\npara la tan anhelada reconstrucci\u00f3n ha sido larga y las voces de exigencia se\ncuantifican en miles ante el olvido y la omisi\u00f3n del gobierno, sus funcionarios\ny las obras inconclusas\u201d, indic\u00f3.<\/p>\n\n\n\n<p>A\u00f1adi\u00f3 que dos\na\u00f1os han transcurrido, con movilizaciones y protestas para que las escuelas y\nviviendas vuelvan a ser dignas para el pueblo; sin embargo, \u201cla corrupci\u00f3n, el\ndespilfarro y enga\u00f1os han prevalecido en este proceso que solo ha beneficiado a\nlas constructoras y funcionarios corruptos que caminaron sobre las calles\nderrumbadas prometiendo millonarios recursos que escasamente llegaron hasta las\nfamilias\u201d.<\/p>\n\n\n\n<p>\u201cEnterramos\na los muertos, acondicionamos espacios para vivir, dar y recibir clases porque\nlas necesidades lo apremiaban, surgimos con el pueblo desde los escombros porque\nel pueblo organizado siempre demuestra fortaleza y unidad ante la tragedia\u201d,\ndescribi\u00f3 en un bolet\u00edn.<\/p>\n\n\n\n<p>Este lunes\nreanudar\u00e1n las protestas en la regi\u00f3n del Istmo de Tehuantepec por parte de maestros\ny padres de familia, que insisten en que se concluya a la brevedad la\nrehabilitaci\u00f3n de planteles da\u00f1ados; las movilizaciones se prev\u00e9n realizar en\nJalapa del Marqu\u00e9s, Tehuantepec y Juchit\u00e1n de Zaragoza.<\/p>\n","protected":false},"excerpt":{"rendered":"<p>Redacci\u00f3n\/Zona Roja. Oaxaca de Ju\u00e1rez, Oax., 8 de septiembre de 2019.- La Asamblea Estatal de&hellip;<\/p>\n","protected":false},"author":2,"featured_media":3790,"comment_status":"closed","ping_status":"open","sticky":false,"template":"","format":"standard","meta":{"_lmt_disableupdate":"","_lmt_disable":"","_jetpack_memberships_contains_paid_content":false,"footnotes":""},"categories":[109,47],"tags":[312],"class_list":["post-3789","post","type-post","status-publish","format-standard","has-post-thumbnail","hentry","category-minuto-a-minuto","category-zona-gris","tag-seccion-22-del-snte"],"jetpack_featured_media_url":"https:\/\/zonaroja.com.mx\/wp-content\/uploads\/2019\/09\/caa7eb9b-3ad2-41b6-885e-89efbe2c5e76.jpg","jetpack_sharing_enabled":true,"_links":{"self":[{"href":"https:\/\/zonaroja.com.mx\/index.php?rest_route=\/wp\/v2\/posts\/3789","targetHints":{"allow":["GET"]}}],"collection":[{"href":"https:\/\/zonaroja.com.mx\/index.php?rest_route=\/wp\/v2\/posts"}],"about":[{"href":"https:\/\/zonaroja.com.mx\/index.php?rest_route=\/wp\/v2\/types\/post"}],"author":[{"embeddable":true,"href":"https:\/\/zonaroja.com.mx\/index.php?rest_route=\/wp\/v2\/users\/2"}],"replies":[{"embeddable":true,"href":"https:\/\/zonaroja.com.mx\/index.php?rest_route=%2Fwp%2Fv2%2Fcomments&post=3789"}],"version-history":[{"count":1,"href":"https:\/\/zonaroja.com.mx\/index.php?rest_route=\/wp\/v2\/posts\/3789\/revisions"}],"predecessor-version":[{"id":3791,"href":"https:\/\/zonaroja.com.mx\/index.php?rest_route=\/wp\/v2\/posts\/3789\/revisions\/3791"}],"wp:featuredmedia":[{"embeddable":true,"href":"https:\/\/zonaroja.com.mx\/index.php?rest_route=\/wp\/v2\/media\/3790"}],"wp:attachment":[{"href":"https:\/\/zonaroja.com.mx\/index.php?rest_route=%2Fwp%2Fv2%2Fmedia&parent=3789"}],"wp:term":[{"taxonomy":"category","embeddable":true,"href":"https:\/\/zonaroja.com.mx\/index.php?rest_route=%2Fwp%2Fv2%2Fcategories&post=3789"},{"taxonomy":"post_tag","embeddable":true,"href":"https:\/\/zonaroja.com.mx\/index.php?rest_route=%2Fwp%2Fv2%2Ftags&post=3789"}],"curies":[{"name":"wp","href":"https:\/\/api.w.org\/{rel}","templated":true}]}}