{"id":37896,"date":"2022-02-21T21:25:26","date_gmt":"2022-02-22T03:25:26","guid":{"rendered":"http:\/\/www.zonaroja.com.mx\/?p=37896"},"modified":"2022-02-21T21:25:28","modified_gmt":"2022-02-22T03:25:28","slug":"tras-primera-protesta-doblega-sindicato-a-martinez-neri-renunciara-a-funcionario","status":"publish","type":"post","link":"https:\/\/zonaroja.com.mx\/?p=37896","title":{"rendered":"Tras primera protesta, doblega sindicato a Mart\u00ednez Neri: renunciar\u00e1 a funcionario"},"content":{"rendered":"\n<p>Redacci\u00f3n\/Zona Roja.<\/p>\n\n\n\n<p>Oaxaca de Ju\u00e1rez, Oax., 21 de febrero de 2022.- Bajo el argumento de que no hay trabajo en equipo y coordinaci\u00f3n entre trabajadores de limpia y funcionarios municipales, l\u00edderes del Sindicato Independiente \u201c3 de Marzo\u201d exigieron al primer concejal Francisco Mart\u00ednez Neri, la destituci\u00f3n de Alejandro Troconis Mart\u00ednez, secretario de Servicios Municipales de Oaxaca de Ju\u00e1rez.<\/p>\n\n\n\n<p>Expusieron que Troconis Mart\u00ednez ha \u201cobstaculizado\u201d los trabajos entre la gremial y el ayuntamiento capitalino, al se\u00f1alar que a dos meses de la nueva administraci\u00f3n no se han otorgado herramientas para que los trabajadores de limpia realicen sus labores.<\/p>\n\n\n\n<p>Esta situaci\u00f3n llev\u00f3 hoy a los l\u00edderes del Sindicato \u201c3 de Marzo\u201d a parar labores y reunirse en el ayuntamiento de Oaxaca de Ju\u00e1rez con el presidente municipal, para exponer las primeras irregularidades que han detectado en su gobierno.<\/p>\n\n\n\n<p>Entre las peticiones se expuso la renuncia del secretario de Servicios Municipales, al no cumplir supuestamente con sus deberes; la demanda fue valorada por Mart\u00ednez Neri, quien acept\u00f3 separar al funcionario del cargo en pr\u00f3ximos d\u00edas y con ello evitar un conflicto mayor con la base sindical.<\/p>\n\n\n\n<p>Adem\u00e1s, se concili\u00f3 la entrega inmediata de los insumos para que se reanude el servicio de limpia y de recolecci\u00f3n de basura en las 13 agencias de la capital.<\/p>\n\n\n\n<p>Este lunes las calles de la capital oaxaque\u00f1a amanecieron con amontonamientos de basura, mientras que en las colonias se observan en las esquinas de calles bolsas de desechos que no fueron recogidos por los camiones recolectores ante la suspensi\u00f3n de labores.<\/p>\n","protected":false},"excerpt":{"rendered":"<p>Redacci\u00f3n\/Zona Roja. Oaxaca de Ju\u00e1rez, Oax., 21 de febrero de 2022.- Bajo el argumento de&hellip;<\/p>\n","protected":false},"author":2,"featured_media":27836,"comment_status":"closed","ping_status":"open","sticky":false,"template":"","format":"standard","meta":{"_lmt_disableupdate":"","_lmt_disable":"","_jetpack_memberships_contains_paid_content":false,"footnotes":""},"categories":[109,47],"tags":[2418],"class_list":["post-37896","post","type-post","status-publish","format-standard","has-post-thumbnail","hentry","category-minuto-a-minuto","category-zona-gris","tag-francisco-martinez-neri"],"jetpack_featured_media_url":"https:\/\/zonaroja.com.mx\/wp-content\/uploads\/2021\/05\/Francisco-Martinez-Neri-1.jpg","jetpack_sharing_enabled":true,"_links":{"self":[{"href":"https:\/\/zonaroja.com.mx\/index.php?rest_route=\/wp\/v2\/posts\/37896","targetHints":{"allow":["GET"]}}],"collection":[{"href":"https:\/\/zonaroja.com.mx\/index.php?rest_route=\/wp\/v2\/posts"}],"about":[{"href":"https:\/\/zonaroja.com.mx\/index.php?rest_route=\/wp\/v2\/types\/post"}],"author":[{"embeddable":true,"href":"https:\/\/zonaroja.com.mx\/index.php?rest_route=\/wp\/v2\/users\/2"}],"replies":[{"embeddable":true,"href":"https:\/\/zonaroja.com.mx\/index.php?rest_route=%2Fwp%2Fv2%2Fcomments&post=37896"}],"version-history":[{"count":1,"href":"https:\/\/zonaroja.com.mx\/index.php?rest_route=\/wp\/v2\/posts\/37896\/revisions"}],"predecessor-version":[{"id":37897,"href":"https:\/\/zonaroja.com.mx\/index.php?rest_route=\/wp\/v2\/posts\/37896\/revisions\/37897"}],"wp:featuredmedia":[{"embeddable":true,"href":"https:\/\/zonaroja.com.mx\/index.php?rest_route=\/wp\/v2\/media\/27836"}],"wp:attachment":[{"href":"https:\/\/zonaroja.com.mx\/index.php?rest_route=%2Fwp%2Fv2%2Fmedia&parent=37896"}],"wp:term":[{"taxonomy":"category","embeddable":true,"href":"https:\/\/zonaroja.com.mx\/index.php?rest_route=%2Fwp%2Fv2%2Fcategories&post=37896"},{"taxonomy":"post_tag","embeddable":true,"href":"https:\/\/zonaroja.com.mx\/index.php?rest_route=%2Fwp%2Fv2%2Ftags&post=37896"}],"curies":[{"name":"wp","href":"https:\/\/api.w.org\/{rel}","templated":true}]}}