{"id":37900,"date":"2022-02-22T17:05:00","date_gmt":"2022-02-22T23:05:00","guid":{"rendered":"http:\/\/www.zonaroja.com.mx\/?p=37900"},"modified":"2022-02-22T17:28:37","modified_gmt":"2022-02-22T23:28:37","slug":"surge-en-oaxaca-primer-observatorio-de-mujeres-indigenas-y-afromexicanas-de-mexico","status":"publish","type":"post","link":"https:\/\/zonaroja.com.mx\/?p=37900","title":{"rendered":"Surge en Oaxaca primer observatorio de mujeres ind\u00edgenas y afromexicanas de M\u00e9xico"},"content":{"rendered":"\n<p>Yuridiana Sosa\/Zona Roja.<\/p>\n\n\n\n<p>Oaxaca de Ju\u00e1rez, Oax., 22 de febrero de 2022.- Con el fin de garantizar la participaci\u00f3n efectiva, igualitaria y libre de violencia en la vida pol\u00edtica de Oaxaca, se conform\u00f3 el Observatorio Estatal de Ciudadanas para la Participaci\u00f3n Pol\u00edtica de Mujeres Ind\u00edgenas y Afromexicanas.<\/p>\n\n\n\n<p>Se trata del primer observatorio en su g\u00e9nero en M\u00e9xico, surgido desde la voz demandante de las mujeres de la entidad que han sido testigos vivientes de la violencia pol\u00edtica de g\u00e9nero y cultural, por lo que era indispensable un espacio para defender sus derechos pol\u00edticos, apuntaron las integrantes, mujeres expertas en la materia.<\/p>\n\n\n\n<p>El observatorio, presentado este fin de semana, tambi\u00e9n tendr\u00e1 la tarea de promover y facilitar la participaci\u00f3n de las mujeres ind\u00edgenas y afromexicanas por medio de propuestas e iniciativas, as\u00ed como de fortalecer su actuaci\u00f3n.<\/p>\n\n\n\n<p>\u201cEs urgente que las mujeres ind\u00edgenas y afromexicanas est\u00e9n posicionadas en los cargos donde se toman las decisiones para poder incidir en la vida de las comunidades y la sociedad\u201d, dijo la presidenta, Nely Mart\u00ednez Echartea<\/p>\n\n\n\n<p>Es por eso que tambi\u00e9n, desde esta alianza que se ha hecho con diferentes asociaciones, buscar\u00e1n visibilizar los cargos que desempe\u00f1an las mujeres al interior de las mujeres, el cual muchas veces es minimizado.<\/p>\n\n\n\n<p>El observatorio qued\u00f3 representado por la coordinadora general, Nely Mart\u00ednez Echartea; como coordinadora de Mujeres Ind\u00edgenas, Nohemi Agapito Confesor y la&nbsp; coordinadora de Mujeres Afromexicanas, Rosa Mar\u00eda Castro Salinas.<\/p>\n","protected":false},"excerpt":{"rendered":"<p>Yuridiana Sosa\/Zona Roja. Oaxaca de Ju\u00e1rez, Oax., 22 de febrero de 2022.- Con el fin&hellip;<\/p>\n","protected":false},"author":2,"featured_media":37901,"comment_status":"closed","ping_status":"open","sticky":false,"template":"","format":"standard","meta":{"_lmt_disableupdate":"","_lmt_disable":"","_jetpack_memberships_contains_paid_content":false,"footnotes":""},"categories":[109,46],"tags":[],"class_list":["post-37900","post","type-post","status-publish","format-standard","has-post-thumbnail","hentry","category-minuto-a-minuto","category-zona-blanca"],"jetpack_featured_media_url":"https:\/\/zonaroja.com.mx\/wp-content\/uploads\/2022\/02\/Observatorio-Politico-de-las-Mujeres-Afromexicanas.jpg","jetpack_sharing_enabled":true,"_links":{"self":[{"href":"https:\/\/zonaroja.com.mx\/index.php?rest_route=\/wp\/v2\/posts\/37900","targetHints":{"allow":["GET"]}}],"collection":[{"href":"https:\/\/zonaroja.com.mx\/index.php?rest_route=\/wp\/v2\/posts"}],"about":[{"href":"https:\/\/zonaroja.com.mx\/index.php?rest_route=\/wp\/v2\/types\/post"}],"author":[{"embeddable":true,"href":"https:\/\/zonaroja.com.mx\/index.php?rest_route=\/wp\/v2\/users\/2"}],"replies":[{"embeddable":true,"href":"https:\/\/zonaroja.com.mx\/index.php?rest_route=%2Fwp%2Fv2%2Fcomments&post=37900"}],"version-history":[{"count":1,"href":"https:\/\/zonaroja.com.mx\/index.php?rest_route=\/wp\/v2\/posts\/37900\/revisions"}],"predecessor-version":[{"id":37902,"href":"https:\/\/zonaroja.com.mx\/index.php?rest_route=\/wp\/v2\/posts\/37900\/revisions\/37902"}],"wp:featuredmedia":[{"embeddable":true,"href":"https:\/\/zonaroja.com.mx\/index.php?rest_route=\/wp\/v2\/media\/37901"}],"wp:attachment":[{"href":"https:\/\/zonaroja.com.mx\/index.php?rest_route=%2Fwp%2Fv2%2Fmedia&parent=37900"}],"wp:term":[{"taxonomy":"category","embeddable":true,"href":"https:\/\/zonaroja.com.mx\/index.php?rest_route=%2Fwp%2Fv2%2Fcategories&post=37900"},{"taxonomy":"post_tag","embeddable":true,"href":"https:\/\/zonaroja.com.mx\/index.php?rest_route=%2Fwp%2Fv2%2Ftags&post=37900"}],"curies":[{"name":"wp","href":"https:\/\/api.w.org\/{rel}","templated":true}]}}