{"id":37903,"date":"2022-02-22T07:07:00","date_gmt":"2022-02-22T13:07:00","guid":{"rendered":"http:\/\/www.zonaroja.com.mx\/?p=37903"},"modified":"2022-02-21T22:09:25","modified_gmt":"2022-02-22T04:09:25","slug":"maestria-en-derecho-judicial-oportunidad-de-experiencia-academica-internacional","status":"publish","type":"post","link":"https:\/\/zonaroja.com.mx\/?p=37903","title":{"rendered":"Maestr\u00eda en Derecho Judicial, oportunidad de experiencia acad\u00e9mica internacional"},"content":{"rendered":"\n<p>Redacci\u00f3n\/Zona Roja.<\/p>\n\n\n\n<p>Oaxaca de Ju\u00e1rez, Oax., 21 de febrero de 2022.- La maestr\u00eda en Derecho Judicial, de alto nivel, que iniciar\u00e1 en septiembre de este a\u00f1o el Poder Judicial de Oaxaca en conjunto con una de las universidades m\u00e1s antiguas y prestigiadas del mundo, la Universidad de Perugia, Italia, representa una oportunidad de experiencia acad\u00e9mica internacional, sin precedentes para las y los operadores jurisdiccionales de todo el pa\u00eds e incluso de otras partes del mundo que han externado inter\u00e9s en integrarse a este posgrado.<\/p>\n\n\n\n<p>En entrevista, el director de la Escuela Judicial, H\u00e9ctor Humberto V\u00e1squez Quevedo inform\u00f3 que la convocatoria dirigida a magistradas, magistrados, juezas, jueces y dem\u00e1s operadores jurisdiccionales de la instituci\u00f3n, de los poderes judiciales de la Rep\u00fablica Mexicana y de Latinoam\u00e9rica, permanecer\u00e1 abierta hasta el 31 de mayo.<\/p>\n\n\n\n<p>\u201cEs una maestr\u00eda en una modalidad mixta, que combinar\u00e1 clases de manera presencial y a distancia, donde se contar\u00e1 con docentes de la Universidad de Perugia, Italia, que adem\u00e1s de impartir c\u00e1tedra aprovechar\u00e1n su estancia en Oaxaca para otras actividades como la asesor\u00eda de tesis o conferencias\u201d, coment\u00f3.<\/p>\n\n\n\n<p>Puntualiz\u00f3 que el posgrado de naturaleza internacional, biling\u00fce, encaminado a la educaci\u00f3n y formaci\u00f3n de excelencia de jueces y dem\u00e1s operadores judiciales que pretendan emprender la Carrera Judicial, tendr\u00e1 una duraci\u00f3n de dos a\u00f1os, divididos en cuatro semestres e iniciar\u00e1 el uno de septiembre pr\u00f3ximo.<\/p>\n\n\n\n<p>El no contar con nociones de ingl\u00e9s o italiano no ser\u00e1 ning\u00fan impedimento ya que desde el comienzo de los estudios se cursar\u00e1n ambas materias para llegado el momento las y los estudiantes puedan comprenderlas, explic\u00f3.<\/p>\n\n\n\n<p>El Director de la Escuela Judicial, dio a conocer que en el \u00faltimo semestre las y los estudiantes inscritos en la Maestr\u00eda deber\u00e1n cumplir con una estancia de un mes para cursar seminarios y pr\u00e1cticas judiciales tanto en la Universidad de Perugia como en alguna escuela judicial italiana, estableciendo contacto directo con sus hom\u00f3logos, lo cual le permitir\u00e1 fortalecer conocimientos y conocer otras experiencias acad\u00e9micas.<\/p>\n\n\n\n<p>De acuerdo con las bases de la convocatoria, para el procedimiento de postulaci\u00f3n y aceptaci\u00f3n las y los interesados deben presentar solicitud de admisi\u00f3n, con fotograf\u00eda reciente, a color, tama\u00f1o infantil, cuyo formato se encuentra disponible en el portal web institucional www.tribunaloax.gob.mx, acta de nacimiento, t\u00edtulo de licenciatura en Derecho y Certificado de Estudios, expedidos por autoridades universitarias o habilitadas para tales efectos y comprobante de pertenencia a alg\u00fan Poder Judicial, nacional o extranjero.<\/p>\n\n\n\n<p>Para mayor informaci\u00f3n o dudas, las y los profesionistas pueden dirigirse a la Unidad de Formaci\u00f3n de la Escuela Judicial, ubicada en el Edificio J4 del Centro Administrativo del Poder Ejecutivo y Judicial \u201cGeneral Porfirio D\u00edaz, Soldado de la Patria \u201c, Reyes Mantec\u00f3n, San Bartolo Coyotepec, Oaxaca o al tel\u00e9fono: 801 951 50 166 80, extensi\u00f3n 32022, as\u00ed como el correo electr\u00f3nico controlescolar_ejoax@hotmail.com.<\/p>\n","protected":false},"excerpt":{"rendered":"<p>Redacci\u00f3n\/Zona Roja. Oaxaca de Ju\u00e1rez, Oax., 21 de febrero de 2022.- La maestr\u00eda en Derecho&hellip;<\/p>\n","protected":false},"author":2,"featured_media":37904,"comment_status":"closed","ping_status":"open","sticky":false,"template":"","format":"standard","meta":{"_lmt_disableupdate":"","_lmt_disable":"","_jetpack_memberships_contains_paid_content":false,"footnotes":""},"categories":[109,46],"tags":[223],"class_list":["post-37903","post","type-post","status-publish","format-standard","has-post-thumbnail","hentry","category-minuto-a-minuto","category-zona-blanca","tag-poder-judicial-de-oaxaca"],"jetpack_featured_media_url":"https:\/\/zonaroja.com.mx\/wp-content\/uploads\/2022\/02\/Poder-Judicial-de-Oaxaca-profesionalizara-a-operadores-jurisdiccionales.jpeg","jetpack_sharing_enabled":true,"_links":{"self":[{"href":"https:\/\/zonaroja.com.mx\/index.php?rest_route=\/wp\/v2\/posts\/37903","targetHints":{"allow":["GET"]}}],"collection":[{"href":"https:\/\/zonaroja.com.mx\/index.php?rest_route=\/wp\/v2\/posts"}],"about":[{"href":"https:\/\/zonaroja.com.mx\/index.php?rest_route=\/wp\/v2\/types\/post"}],"author":[{"embeddable":true,"href":"https:\/\/zonaroja.com.mx\/index.php?rest_route=\/wp\/v2\/users\/2"}],"replies":[{"embeddable":true,"href":"https:\/\/zonaroja.com.mx\/index.php?rest_route=%2Fwp%2Fv2%2Fcomments&post=37903"}],"version-history":[{"count":1,"href":"https:\/\/zonaroja.com.mx\/index.php?rest_route=\/wp\/v2\/posts\/37903\/revisions"}],"predecessor-version":[{"id":37905,"href":"https:\/\/zonaroja.com.mx\/index.php?rest_route=\/wp\/v2\/posts\/37903\/revisions\/37905"}],"wp:featuredmedia":[{"embeddable":true,"href":"https:\/\/zonaroja.com.mx\/index.php?rest_route=\/wp\/v2\/media\/37904"}],"wp:attachment":[{"href":"https:\/\/zonaroja.com.mx\/index.php?rest_route=%2Fwp%2Fv2%2Fmedia&parent=37903"}],"wp:term":[{"taxonomy":"category","embeddable":true,"href":"https:\/\/zonaroja.com.mx\/index.php?rest_route=%2Fwp%2Fv2%2Fcategories&post=37903"},{"taxonomy":"post_tag","embeddable":true,"href":"https:\/\/zonaroja.com.mx\/index.php?rest_route=%2Fwp%2Fv2%2Ftags&post=37903"}],"curies":[{"name":"wp","href":"https:\/\/api.w.org\/{rel}","templated":true}]}}