{"id":37925,"date":"2022-02-22T16:04:43","date_gmt":"2022-02-22T22:04:43","guid":{"rendered":"http:\/\/www.zonaroja.com.mx\/?p=37925"},"modified":"2022-02-22T16:04:46","modified_gmt":"2022-02-22T22:04:46","slug":"arremete-de-nuevo-amlo-contra-medios-de-comunicacion","status":"publish","type":"post","link":"https:\/\/zonaroja.com.mx\/?p=37925","title":{"rendered":"Arremete de nuevo AMLO contra medios de comunicaci\u00f3n"},"content":{"rendered":"\n<p>Redacci\u00f3n\/Zona Roja Cdmx.<\/p>\n\n\n\n<p>Ciudad de M\u00e9xico, 22 de febrero de 2022.- El presidente Andr\u00e9s Manuel L\u00f3pez Obrador reiter\u00f3 este lunes su reproche al gobierno de Estados Unidos encabezado por Joe Biden por no explicar por qu\u00e9 financia a organizaciones sociales en M\u00e9xico que son opositoras a la Cuarta Transformaci\u00f3n.<\/p>\n\n\n\n<p>En una nueva arremetida contra diversos comunicadores del pa\u00eds, el mandatario mexicano se\u00f1al\u00f3 que este tipo de actos son injerencistas y violan la soberan\u00eda de M\u00e9xico ya que se inmiscuyen en su vida pol\u00edtica interna.<\/p>\n\n\n\n<p>\u201cEstamos solicitando al Gobierno de Estados Unidos que ya no est\u00e9 financiando a grupos que act\u00faan abiertamente, opositores de gobiernos, en mi caso, en nuestro caso, de un gobierno legal y leg\u00edtimamente constituido, porque es un acto injerencista, de violaci\u00f3n a nuestra soberan\u00eda. Meterse a la vida pol\u00edtica, p\u00fablica de otro pa\u00eds, adem\u00e1s, entregando dinero, ya eso debe hacerse a un lado, es una verg\u00fcenza\u201d, lanz\u00f3 el jefe del Ejecutivo federal en conferencia de prensa desde Palacio Nacional.<\/p>\n\n\n\n<p>Desde el a\u00f1o pasado, el presidente de la Rep\u00fablica ha insistido que organizaciones como Mexicanos Unidos Contra la Corrupci\u00f3n (MCCI), que fund\u00f3 el empresario Claudio X. Gonz\u00e1lez, con dinero proveniente de Estados Unidos, ha buscado detener importantes obras de su sexenio como el Aeropuerto Internacional Felipe \u00c1ngeles o el Tren Maya.<\/p>\n\n\n\n<p>De acuerdo con diversas investigaciones period\u00edsticas entre 2019 y 2020, MCCI habr\u00eda recibido financiamiento por alrededor de 25 millones de pesos por parte del gobierno estadounidense.<\/p>\n\n\n\n<p>En reiteradas ocasiones, ha acusado que dicha organizaci\u00f3n tiene tintes golpistas que s\u00f3lo buscan desestabilizar su gesti\u00f3n y debilitar la credibilidad de la figura presidencial.<\/p>\n\n\n\n<p>Al respecto, el tabasque\u00f1o volvi\u00f3 a solicitar a Carlos Loret de Mola, Ciro G\u00f3mez-Leyva, Carmen Aristegui, Jorge Ramos y a Le\u00f3n Krauze que difundan cu\u00e1les son sus salarios as\u00ed como bienes y se\u00f1alar si hay grupos de inter\u00e9s que financian su labor.<\/p>\n\n\n\n<p>\u201cMe puede decir pues es que as\u00ed se paga en Estados Unidos o as\u00ed se paga en M\u00e9xico a los profesionales del periodismo, pero no, son sueldos desproporcionados. \u00bfPor qu\u00e9 se les paga tanto? Porque son contratados para defender grupos de intereses creados, se les contrata, suena fuerte la palabra, no la voy a usar, bueno, algo m\u00e1s suave, como golpeadores para los movimientos que consideran contrarios a las corporaciones que dominan en M\u00e9xico y en el pa\u00eds, o que dominaban en M\u00e9xico, que se sent\u00edan como los due\u00f1os de M\u00e9xico\u201d, consider\u00f3 AMLO.<\/p>\n\n\n\n<p>(Informaci\u00f3n de \u201cForbes\u201d M\u00e9xico)<\/p>\n","protected":false},"excerpt":{"rendered":"<p>Redacci\u00f3n\/Zona Roja Cdmx. Ciudad de M\u00e9xico, 22 de febrero de 2022.- El presidente Andr\u00e9s Manuel&hellip;<\/p>\n","protected":false},"author":2,"featured_media":31013,"comment_status":"closed","ping_status":"open","sticky":false,"template":"","format":"standard","meta":{"_lmt_disableupdate":"","_lmt_disable":"","_jetpack_memberships_contains_paid_content":false,"footnotes":""},"categories":[109,47],"tags":[143],"class_list":["post-37925","post","type-post","status-publish","format-standard","has-post-thumbnail","hentry","category-minuto-a-minuto","category-zona-gris","tag-andres-manuel-lopez-obrador"],"jetpack_featured_media_url":"https:\/\/zonaroja.com.mx\/wp-content\/uploads\/2021\/08\/Andres-Manuel-Lopez-Obrador.jpg","jetpack_sharing_enabled":true,"_links":{"self":[{"href":"https:\/\/zonaroja.com.mx\/index.php?rest_route=\/wp\/v2\/posts\/37925","targetHints":{"allow":["GET"]}}],"collection":[{"href":"https:\/\/zonaroja.com.mx\/index.php?rest_route=\/wp\/v2\/posts"}],"about":[{"href":"https:\/\/zonaroja.com.mx\/index.php?rest_route=\/wp\/v2\/types\/post"}],"author":[{"embeddable":true,"href":"https:\/\/zonaroja.com.mx\/index.php?rest_route=\/wp\/v2\/users\/2"}],"replies":[{"embeddable":true,"href":"https:\/\/zonaroja.com.mx\/index.php?rest_route=%2Fwp%2Fv2%2Fcomments&post=37925"}],"version-history":[{"count":1,"href":"https:\/\/zonaroja.com.mx\/index.php?rest_route=\/wp\/v2\/posts\/37925\/revisions"}],"predecessor-version":[{"id":37926,"href":"https:\/\/zonaroja.com.mx\/index.php?rest_route=\/wp\/v2\/posts\/37925\/revisions\/37926"}],"wp:featuredmedia":[{"embeddable":true,"href":"https:\/\/zonaroja.com.mx\/index.php?rest_route=\/wp\/v2\/media\/31013"}],"wp:attachment":[{"href":"https:\/\/zonaroja.com.mx\/index.php?rest_route=%2Fwp%2Fv2%2Fmedia&parent=37925"}],"wp:term":[{"taxonomy":"category","embeddable":true,"href":"https:\/\/zonaroja.com.mx\/index.php?rest_route=%2Fwp%2Fv2%2Fcategories&post=37925"},{"taxonomy":"post_tag","embeddable":true,"href":"https:\/\/zonaroja.com.mx\/index.php?rest_route=%2Fwp%2Fv2%2Ftags&post=37925"}],"curies":[{"name":"wp","href":"https:\/\/api.w.org\/{rel}","templated":true}]}}