{"id":37927,"date":"2022-02-22T16:52:44","date_gmt":"2022-02-22T22:52:44","guid":{"rendered":"https:\/\/www.zonaroja.com.mx\/?p=37927"},"modified":"2022-02-22T16:52:47","modified_gmt":"2022-02-22T22:52:47","slug":"aplicaran-consulta-ciudadana-en-la-capital-para-tipificar-venta-o-renta-de-espacios-de-calles","status":"publish","type":"post","link":"https:\/\/zonaroja.com.mx\/?p=37927","title":{"rendered":"Aplicar\u00e1n consulta ciudadana en la capital para tipificar venta o renta de espacios de calles"},"content":{"rendered":"\n<p>Yuridiana Sosa\/Zona Roja.<\/p>\n\n\n\n<p>Oaxaca de Ju\u00e1rez, Oax., 22 de febrero de 2022.- Con el fin de crear una ley que tipifique a delito la venta, renta, traspaso de espacios de la v\u00eda p\u00fablica, en la capital, el Comit\u00e9 por la Defensa de los Derechos Colectivos Ciudadanos Oaxaque\u00f1os, aplicar\u00e1n una consulta ciudadana y el resultado ser\u00e1 turnado al Congreso del Estado.<\/p>\n\n\n\n<p>Integrantes de este grupo plantean un  alto a la venta e invasi\u00f3n descontrolada de las calles de Oaxaca de Ju\u00e1rez, pues hasta el momento, las autoridades municipales no han logrado normar ni ordenar al comercio en v\u00eda p\u00fablica.<\/p>\n\n\n\n<p>El presidente de la asociaci\u00f3n, Armando Figueroa Colmenares, aclar\u00f3 que no est\u00e1n en contra de los comerciantes, ni de su derecho al trabajo, sin embargo, urge que los oaxaque\u00f1os puedan disfrutar de calles libres y en mejores condiciones.<\/p>\n\n\n\n<p>Precis\u00f3 que para realizar este ejercicio ciudadana e independiente de cualquier autoridad, se pidi\u00f3 y fue autorizado el permiso correspondiente por parte del ayuntamiento de Oaxaca de Ju\u00e1rez.<\/p>\n\n\n\n<p>LA CONSULTA<\/p>\n\n\n\n<p>La consulta se realizar\u00e1&nbsp;del 28 de febrero al 4 de marzo&nbsp;con mesas receptoras de firmas en siete puntos de la ciudad: Alameda de Le\u00f3n, Mercado de Abasto, Jard\u00edn Morelos, Jard\u00edn San Francisco, Santa Rosa, Cosijoeza y colonia Reforma.<\/p>\n\n\n\n<p>La encuesta tiene como t\u00edtulo \u201cRegularizaci\u00f3n, ordenamiento, reubicaci\u00f3n sobre los espacios del comercio en la v\u00eda p\u00fablica y la creaci\u00f3n de la unidad de combate a la corrupci\u00f3n municipal de la ciudad de Oaxaca de Ju\u00e1rez\u201d, en la que se realizar\u00e1n dos preguntas fundamentales.<\/p>\n\n\n\n<p>En cada papeleta el ciudadano anotar\u00e1 su nombre y contestar\u00e1 si es habitantes de Oaxaca de Ju\u00e1rez. Despu\u00e9s, deber\u00e1 responder con un s\u00ed o no a cada una de las preguntas: \u00bfEst\u00e1s de acuerdo en que el traspaso, la venta o renta de la v\u00eda p\u00fablica o espacios p\u00fablicos sean tipificados como delito por el C\u00f3digo Penal para el Estado de Oaxaca? Y \u00bfEst\u00e1s de acuerdo que se cree la unidad de participaci\u00f3n ciudadana de combate a la corrupci\u00f3n municipal?<\/p>\n\n\n\n<p>El fin es lograr acumular firmas a favor de la iniciativa que equivalga al dos por ciento de la lista nominal que tiene en vigencia el Instituto Nacional Electoral en el municipio de Oaxaca de Ju\u00e1rez.<\/p>\n\n\n\n<p>El resultado ser\u00e1 entregado al Congreso de Estado para que se sienta obligado a realizar la legislaci\u00f3n necesaria, solicitada por la propia ciudadan\u00eda, apunt\u00f3 el presidente de la asociaci\u00f3n.<\/p>\n","protected":false},"excerpt":{"rendered":"<p>Yuridiana Sosa\/Zona Roja. Oaxaca de Ju\u00e1rez, Oax., 22 de febrero de 2022.- Con el fin&hellip;<\/p>\n","protected":false},"author":2,"featured_media":37923,"comment_status":"closed","ping_status":"open","sticky":false,"template":"","format":"standard","meta":{"_lmt_disableupdate":"","_lmt_disable":"","_jetpack_memberships_contains_paid_content":false,"footnotes":""},"categories":[109,46],"tags":[],"class_list":["post-37927","post","type-post","status-publish","format-standard","has-post-thumbnail","hentry","category-minuto-a-minuto","category-zona-blanca"],"jetpack_featured_media_url":"https:\/\/zonaroja.com.mx\/wp-content\/uploads\/2022\/02\/Consulta-ciudadana.jpg","jetpack_sharing_enabled":true,"_links":{"self":[{"href":"https:\/\/zonaroja.com.mx\/index.php?rest_route=\/wp\/v2\/posts\/37927","targetHints":{"allow":["GET"]}}],"collection":[{"href":"https:\/\/zonaroja.com.mx\/index.php?rest_route=\/wp\/v2\/posts"}],"about":[{"href":"https:\/\/zonaroja.com.mx\/index.php?rest_route=\/wp\/v2\/types\/post"}],"author":[{"embeddable":true,"href":"https:\/\/zonaroja.com.mx\/index.php?rest_route=\/wp\/v2\/users\/2"}],"replies":[{"embeddable":true,"href":"https:\/\/zonaroja.com.mx\/index.php?rest_route=%2Fwp%2Fv2%2Fcomments&post=37927"}],"version-history":[{"count":1,"href":"https:\/\/zonaroja.com.mx\/index.php?rest_route=\/wp\/v2\/posts\/37927\/revisions"}],"predecessor-version":[{"id":37928,"href":"https:\/\/zonaroja.com.mx\/index.php?rest_route=\/wp\/v2\/posts\/37927\/revisions\/37928"}],"wp:featuredmedia":[{"embeddable":true,"href":"https:\/\/zonaroja.com.mx\/index.php?rest_route=\/wp\/v2\/media\/37923"}],"wp:attachment":[{"href":"https:\/\/zonaroja.com.mx\/index.php?rest_route=%2Fwp%2Fv2%2Fmedia&parent=37927"}],"wp:term":[{"taxonomy":"category","embeddable":true,"href":"https:\/\/zonaroja.com.mx\/index.php?rest_route=%2Fwp%2Fv2%2Fcategories&post=37927"},{"taxonomy":"post_tag","embeddable":true,"href":"https:\/\/zonaroja.com.mx\/index.php?rest_route=%2Fwp%2Fv2%2Ftags&post=37927"}],"curies":[{"name":"wp","href":"https:\/\/api.w.org\/{rel}","templated":true}]}}